{"id":1767,"date":"2018-05-15T14:45:20","date_gmt":"2018-05-15T17:45:20","guid":{"rendered":"https:\/\/previews.elleven.digital\/acocearense\/?post_type=noticia&#038;p=1767"},"modified":"2025-05-07T14:45:44","modified_gmt":"2025-05-07T17:45:44","slug":"aline-ferreira-destaca-trajetoria-empreendedora-em-mentoria-para-o-lide-ceara","status":"publish","type":"noticia","link":"https:\/\/previews.elleven.digital\/acocearense\/en\/noticia\/aline-ferreira-destaca-trajetoria-empreendedora-em-mentoria-para-o-lide-ceara\/","title":{"rendered":"Aline Ferreira highlights her entrepreneurial journey in mentoring for LIDE Cear\u00e1"},"content":{"rendered":"<p>The vice president of\u00a0<strong>Cear\u00e1 Steel Group<\/strong>, Aline Ferreira, led a mentoring session for entrepreneurs affiliated with the Cear\u00e1 Business Leaders Group \u2013 LIDE Cear\u00e1, last Friday (11). On the occasion, she highlighted the challenges she faced throughout her career as an entrepreneur. The meeting was organized by the president of LIDE Cear\u00e1, Em\u00edlia Buarque, and by the director of LIDE Mulher, Luciana Colares.<\/p>\n<p>Aline Ferreira spoke about the trajectory of her father, Vilmar Ferreira, the Group&#039;s founder, the company&#039;s growth, the challenges of succession, and her tenure as Vice President of Commercial and Finance. She said she had to demonstrate her capabilities, working in various areas of the company to reach her current position. In addition to being Vice President of the Group, Aline Ferreira is also a director of Lide Ind\u00fastria Cear\u00e1 and an ambassador for Endeavor Brasil (a leading organization supporting high-impact entrepreneurs worldwide). Her resume includes a degree in Business Administration from UNIFOR and extension courses in the Board Member Development Program (FDC) and the Management Training Program (Instituto FA7\/IPL). She is an executive with solid experience in the steel and metallurgy industry, including team development and administrative and commercial management.<\/p>\n<p>LIDE CEAR\u00c1 is a multisectoral, independent, nonpartisan group of business leaders with a strong connection and a focus on socioeconomic development. The group&#039;s goal is to expand the business environment and opportunities by connecting and promoting companies, discussing diverse topics, influencing, and advocating for positions. It has a monthly agenda, from February to November, with high-quality content, access to the country&#039;s leading figures in both business and public sector, and is also distinguished by the excellence of its meetings.<\/p>","protected":false},"featured_media":1759,"template":"","meta":{"_acf_changed":false,"inline_featured_image":false},"categoria-noticia":[],"class_list":["post-1767","noticia","type-noticia","status-publish","has-post-thumbnail","hentry"],"acf":{"link":""},"yoast_head":"<!-- This site is optimized with the Yoast SEO plugin v25.9 - https:\/\/yoast.com\/wordpress\/plugins\/seo\/ -->\n<title>Aline Ferreira destaca trajet\u00f3ria empreendedora em mentoria para o LIDE Cear\u00e1 - Grupo A\u00e7o Cearense<\/title>\n<meta name=\"robots\" content=\"index, follow, max-snippet:-1, max-image-preview:large, max-video-preview:-1\" \/>\n<link rel=\"canonical\" href=\"https:\/\/previews.elleven.digital\/acocearense\/en\/noticia\/aline-ferreira-destaca-trajetoria-empreendedora-em-mentoria-para-o-lide-ceara\/\" \/>\n<meta property=\"og:locale\" content=\"en_US\" \/>\n<meta property=\"og:type\" content=\"article\" \/>\n<meta property=\"og:title\" content=\"Aline Ferreira destaca trajet\u00f3ria empreendedora em mentoria para o LIDE Cear\u00e1 - Grupo A\u00e7o Cearense\" \/>\n<meta property=\"og:description\" content=\"A vice-presidente do\u00a0Grupo A\u00e7o Cearense, Aline Ferreira, comandou uma mentoria para empres\u00e1rios filiados ao Grupo(...)\" \/>\n<meta property=\"og:url\" content=\"https:\/\/previews.elleven.digital\/acocearense\/en\/noticia\/aline-ferreira-destaca-trajetoria-empreendedora-em-mentoria-para-o-lide-ceara\/\" \/>\n<meta property=\"og:site_name\" content=\"Grupo A\u00e7o Cearense\" \/>\n<meta property=\"article:modified_time\" content=\"2025-05-07T17:45:44+00:00\" \/>\n<meta property=\"og:image\" content=\"https:\/\/previews.elleven.digital\/acocearense\/wp-content\/uploads\/2025\/05\/DSC09647-1-768x432-1.jpg\" \/>\n\t<meta property=\"og:image:width\" content=\"768\" \/>\n\t<meta property=\"og:image:height\" content=\"432\" \/>\n\t<meta property=\"og:image:type\" content=\"image\/jpeg\" \/>\n<meta name=\"twitter:card\" content=\"summary_large_image\" \/>\n<meta name=\"twitter:label1\" content=\"Est. reading time\" \/>\n\t<meta name=\"twitter:data1\" content=\"2 minutes\" \/>\n<script type=\"application\/ld+json\" class=\"yoast-schema-graph\">{\"@context\":\"https:\/\/schema.org\",\"@graph\":[{\"@type\":\"WebPage\",\"@id\":\"https:\/\/previews.elleven.digital\/acocearense\/noticia\/aline-ferreira-destaca-trajetoria-empreendedora-em-mentoria-para-o-lide-ceara\/\",\"url\":\"https:\/\/previews.elleven.digital\/acocearense\/noticia\/aline-ferreira-destaca-trajetoria-empreendedora-em-mentoria-para-o-lide-ceara\/\",\"name\":\"Aline Ferreira destaca trajet\u00f3ria empreendedora em mentoria para o LIDE Cear\u00e1 - Grupo A\u00e7o Cearense\",\"isPartOf\":{\"@id\":\"https:\/\/previews.elleven.digital\/acocearense\/#website\"},\"primaryImageOfPage\":{\"@id\":\"https:\/\/previews.elleven.digital\/acocearense\/noticia\/aline-ferreira-destaca-trajetoria-empreendedora-em-mentoria-para-o-lide-ceara\/#primaryimage\"},\"image\":{\"@id\":\"https:\/\/previews.elleven.digital\/acocearense\/noticia\/aline-ferreira-destaca-trajetoria-empreendedora-em-mentoria-para-o-lide-ceara\/#primaryimage\"},\"thumbnailUrl\":\"https:\/\/previews.elleven.digital\/acocearense\/wp-content\/uploads\/2025\/05\/DSC09647-1-768x432-1.jpg\",\"datePublished\":\"2018-05-15T17:45:20+00:00\",\"dateModified\":\"2025-05-07T17:45:44+00:00\",\"breadcrumb\":{\"@id\":\"https:\/\/previews.elleven.digital\/acocearense\/noticia\/aline-ferreira-destaca-trajetoria-empreendedora-em-mentoria-para-o-lide-ceara\/#breadcrumb\"},\"inLanguage\":\"en-US\",\"potentialAction\":[{\"@type\":\"ReadAction\",\"target\":[\"https:\/\/previews.elleven.digital\/acocearense\/noticia\/aline-ferreira-destaca-trajetoria-empreendedora-em-mentoria-para-o-lide-ceara\/\"]}]},{\"@type\":\"ImageObject\",\"inLanguage\":\"en-US\",\"@id\":\"https:\/\/previews.elleven.digital\/acocearense\/noticia\/aline-ferreira-destaca-trajetoria-empreendedora-em-mentoria-para-o-lide-ceara\/#primaryimage\",\"url\":\"https:\/\/previews.elleven.digital\/acocearense\/wp-content\/uploads\/2025\/05\/DSC09647-1-768x432-1.jpg\",\"contentUrl\":\"https:\/\/previews.elleven.digital\/acocearense\/wp-content\/uploads\/2025\/05\/DSC09647-1-768x432-1.jpg\",\"width\":768,\"height\":432},{\"@type\":\"BreadcrumbList\",\"@id\":\"https:\/\/previews.elleven.digital\/acocearense\/noticia\/aline-ferreira-destaca-trajetoria-empreendedora-em-mentoria-para-o-lide-ceara\/#breadcrumb\",\"itemListElement\":[{\"@type\":\"ListItem\",\"position\":1,\"name\":\"In\u00edcio\",\"item\":\"https:\/\/previews.elleven.digital\/acocearense\/\"},{\"@type\":\"ListItem\",\"position\":2,\"name\":\"Not\u00edcias\",\"item\":\"https:\/\/previews.elleven.digital\/acocearense\/noticias\/\"},{\"@type\":\"ListItem\",\"position\":3,\"name\":\"Aline Ferreira destaca trajet\u00f3ria empreendedora em mentoria para o LIDE Cear\u00e1\"}]},{\"@type\":\"WebSite\",\"@id\":\"https:\/\/previews.elleven.digital\/acocearense\/#website\",\"url\":\"https:\/\/previews.elleven.digital\/acocearense\/\",\"name\":\"A\u00e7o Cearense\",\"description\":\"H\u00e1 mais de 45 anos no mercado brasileiro do a\u00e7o.\",\"alternateName\":\"A\u00e7o Cearense\",\"potentialAction\":[{\"@type\":\"SearchAction\",\"target\":{\"@type\":\"EntryPoint\",\"urlTemplate\":\"https:\/\/previews.elleven.digital\/acocearense\/?s={search_term_string}\"},\"query-input\":{\"@type\":\"PropertyValueSpecification\",\"valueRequired\":true,\"valueName\":\"search_term_string\"}}],\"inLanguage\":\"en-US\"}]}<\/script>\n<!-- \/ Yoast SEO plugin. -->","yoast_head_json":{"title":"Aline Ferreira destaca trajet\u00f3ria empreendedora em mentoria para o LIDE Cear\u00e1 - Grupo A\u00e7o Cearense","robots":{"index":"index","follow":"follow","max-snippet":"max-snippet:-1","max-image-preview":"max-image-preview:large","max-video-preview":"max-video-preview:-1"},"canonical":"https:\/\/previews.elleven.digital\/acocearense\/en\/noticia\/aline-ferreira-destaca-trajetoria-empreendedora-em-mentoria-para-o-lide-ceara\/","og_locale":"en_US","og_type":"article","og_title":"Aline Ferreira destaca trajet\u00f3ria empreendedora em mentoria para o LIDE Cear\u00e1 - Grupo A\u00e7o Cearense","og_description":"A vice-presidente do\u00a0Grupo A\u00e7o Cearense, Aline Ferreira, comandou uma mentoria para empres\u00e1rios filiados ao Grupo(...)","og_url":"https:\/\/previews.elleven.digital\/acocearense\/en\/noticia\/aline-ferreira-destaca-trajetoria-empreendedora-em-mentoria-para-o-lide-ceara\/","og_site_name":"Grupo A\u00e7o Cearense","article_modified_time":"2025-05-07T17:45:44+00:00","og_image":[{"width":768,"height":432,"url":"https:\/\/previews.elleven.digital\/acocearense\/wp-content\/uploads\/2025\/05\/DSC09647-1-768x432-1.jpg","type":"image\/jpeg"}],"twitter_card":"summary_large_image","twitter_misc":{"Est. reading time":"2 minutes"},"schema":{"@context":"https:\/\/schema.org","@graph":[{"@type":"WebPage","@id":"https:\/\/previews.elleven.digital\/acocearense\/noticia\/aline-ferreira-destaca-trajetoria-empreendedora-em-mentoria-para-o-lide-ceara\/","url":"https:\/\/previews.elleven.digital\/acocearense\/noticia\/aline-ferreira-destaca-trajetoria-empreendedora-em-mentoria-para-o-lide-ceara\/","name":"Aline Ferreira destaca trajet\u00f3ria empreendedora em mentoria para o LIDE Cear\u00e1 - Grupo A\u00e7o Cearense","isPartOf":{"@id":"https:\/\/previews.elleven.digital\/acocearense\/#website"},"primaryImageOfPage":{"@id":"https:\/\/previews.elleven.digital\/acocearense\/noticia\/aline-ferreira-destaca-trajetoria-empreendedora-em-mentoria-para-o-lide-ceara\/#primaryimage"},"image":{"@id":"https:\/\/previews.elleven.digital\/acocearense\/noticia\/aline-ferreira-destaca-trajetoria-empreendedora-em-mentoria-para-o-lide-ceara\/#primaryimage"},"thumbnailUrl":"https:\/\/previews.elleven.digital\/acocearense\/wp-content\/uploads\/2025\/05\/DSC09647-1-768x432-1.jpg","datePublished":"2018-05-15T17:45:20+00:00","dateModified":"2025-05-07T17:45:44+00:00","breadcrumb":{"@id":"https:\/\/previews.elleven.digital\/acocearense\/noticia\/aline-ferreira-destaca-trajetoria-empreendedora-em-mentoria-para-o-lide-ceara\/#breadcrumb"},"inLanguage":"en-US","potentialAction":[{"@type":"ReadAction","target":["https:\/\/previews.elleven.digital\/acocearense\/noticia\/aline-ferreira-destaca-trajetoria-empreendedora-em-mentoria-para-o-lide-ceara\/"]}]},{"@type":"ImageObject","inLanguage":"en-US","@id":"https:\/\/previews.elleven.digital\/acocearense\/noticia\/aline-ferreira-destaca-trajetoria-empreendedora-em-mentoria-para-o-lide-ceara\/#primaryimage","url":"https:\/\/previews.elleven.digital\/acocearense\/wp-content\/uploads\/2025\/05\/DSC09647-1-768x432-1.jpg","contentUrl":"https:\/\/previews.elleven.digital\/acocearense\/wp-content\/uploads\/2025\/05\/DSC09647-1-768x432-1.jpg","width":768,"height":432},{"@type":"BreadcrumbList","@id":"https:\/\/previews.elleven.digital\/acocearense\/noticia\/aline-ferreira-destaca-trajetoria-empreendedora-em-mentoria-para-o-lide-ceara\/#breadcrumb","itemListElement":[{"@type":"ListItem","position":1,"name":"In\u00edcio","item":"https:\/\/previews.elleven.digital\/acocearense\/"},{"@type":"ListItem","position":2,"name":"Not\u00edcias","item":"https:\/\/previews.elleven.digital\/acocearense\/noticias\/"},{"@type":"ListItem","position":3,"name":"Aline Ferreira destaca trajet\u00f3ria empreendedora em mentoria para o LIDE Cear\u00e1"}]},{"@type":"WebSite","@id":"https:\/\/previews.elleven.digital\/acocearense\/#website","url":"https:\/\/previews.elleven.digital\/acocearense\/","name":"Cear\u00e1 Steel","description":"We have been in the Brazilian steel market for over 45 years.","alternateName":"A\u00e7o Cearense","potentialAction":[{"@type":"SearchAction","target":{"@type":"EntryPoint","urlTemplate":"https:\/\/previews.elleven.digital\/acocearense\/?s={search_term_string}"},"query-input":{"@type":"PropertyValueSpecification","valueRequired":true,"valueName":"search_term_string"}}],"inLanguage":"en-US"}]}},"_links":{"self":[{"href":"https:\/\/previews.elleven.digital\/acocearense\/en\/wp-json\/wp\/v2\/noticia\/1767","targetHints":{"allow":["GET"]}}],"collection":[{"href":"https:\/\/previews.elleven.digital\/acocearense\/en\/wp-json\/wp\/v2\/noticia"}],"about":[{"href":"https:\/\/previews.elleven.digital\/acocearense\/en\/wp-json\/wp\/v2\/types\/noticia"}],"wp:featuredmedia":[{"embeddable":true,"href":"https:\/\/previews.elleven.digital\/acocearense\/en\/wp-json\/wp\/v2\/media\/1759"}],"wp:attachment":[{"href":"https:\/\/previews.elleven.digital\/acocearense\/en\/wp-json\/wp\/v2\/media?parent=1767"}],"wp:term":[{"taxonomy":"categoria-noticia","embeddable":true,"href":"https:\/\/previews.elleven.digital\/acocearense\/en\/wp-json\/wp\/v2\/categoria-noticia?post=1767"}],"curies":[{"name":"wp","href":"https:\/\/api.w.org\/{rel}","templated":true}]}}