{"id":1753,"date":"2018-01-10T14:37:23","date_gmt":"2018-01-10T16:37:23","guid":{"rendered":"https:\/\/previews.elleven.digital\/acocearense\/?post_type=noticia&#038;p=1753"},"modified":"2025-05-07T14:43:54","modified_gmt":"2025-05-07T17:43:54","slug":"educaaco-forma-mais-94-novos-alunos","status":"publish","type":"noticia","link":"https:\/\/previews.elleven.digital\/acocearense\/en\/noticia\/educaaco-forma-mais-94-novos-alunos\/","title":{"rendered":"EducaA\u00e7o trains 94 new students"},"content":{"rendered":"<p><strong>A\u00e7o Cearense graduated 94 new high school students through the EducaA\u00e7o Project<\/strong>, held in partnership with SESI. The event was attended by the project&#039;s board of directors, managers, and faculty. The ceremony was held at the Logistics Warehouse of A\u00e7o Cearense Industrial Matriz.<\/p>\n<p>Pedro Jorge de Almeida, Shipping Assistant at A\u00e7o Cearense Industrial Branch and class speaker, said: &quot;We all have dreams, and when we achieve them, we tend to move on to other dreams. EducaA\u00e7o gave us the opportunity to realize one of our dreams\u2014graduating from high school\u2014and this will open doors to new horizons,&quot; said the graduate.<\/p>\n<h3>\u00a0\u201cA\u00e7o Cearense gave me the opportunity to take the EducaA\u00e7o course to complete high school.\u201d<\/h3>\n<p>One of the highlights of the ceremony was employee Felipe Silva Teixeira, who completed high school at EducaA\u00e7o. Today, he is a Production Supervisor at A\u00e7o Cearense Industrial Branch. He joined the company as a Production Assistant and worked his way up the career ladder to a management position. &quot;I&#039;m about to complete 11 years with the company, and A\u00e7o Cearense gave me the opportunity to complete high school through EducaA\u00e7o. I was part of the first class of the program, and thanks to it, I&#039;ll be finishing my degree in Business Administration mid-year. Education can boost anyone&#039;s career; all you need is the desire and the opportunity,&quot; he emphasized.<\/p>\n<p>The A\u00e7o Cearense Group values maintaining a talented, committed, and fulfilled team. To this end, it invests in employee training through initiatives such as EducaA\u00e7o. Since 2013, when A\u00e7o Cearense implemented the project, 229 students have benefited from the program. Currently, 158 students are enrolled, divided into three elementary school classes and five high school classes.<\/p>","protected":false},"featured_media":1763,"template":"","meta":{"_acf_changed":false,"inline_featured_image":false},"categoria-noticia":[],"class_list":["post-1753","noticia","type-noticia","status-publish","has-post-thumbnail","hentry"],"acf":{"link":""},"yoast_head":"<!-- This site is optimized with the Yoast SEO plugin v25.9 - https:\/\/yoast.com\/wordpress\/plugins\/seo\/ -->\n<title>EducaA\u00e7o forma mais 94 novos alunos - Grupo A\u00e7o Cearense<\/title>\n<meta name=\"robots\" content=\"index, follow, max-snippet:-1, max-image-preview:large, max-video-preview:-1\" \/>\n<link rel=\"canonical\" href=\"https:\/\/previews.elleven.digital\/acocearense\/en\/noticia\/educaaco-forma-mais-94-novos-alunos\/\" \/>\n<meta property=\"og:locale\" content=\"en_US\" \/>\n<meta property=\"og:type\" content=\"article\" \/>\n<meta property=\"og:title\" content=\"EducaA\u00e7o forma mais 94 novos alunos - Grupo A\u00e7o Cearense\" \/>\n<meta property=\"og:description\" content=\"A\u00a0A\u00e7o Cearense formou 94 novos alunos do ensino m\u00e9dio por meio do Projeto EducaA\u00e7o, realizado(...)\" \/>\n<meta property=\"og:url\" content=\"https:\/\/previews.elleven.digital\/acocearense\/en\/noticia\/educaaco-forma-mais-94-novos-alunos\/\" \/>\n<meta property=\"og:site_name\" content=\"Grupo A\u00e7o Cearense\" \/>\n<meta property=\"article:modified_time\" content=\"2025-05-07T17:43:54+00:00\" \/>\n<meta property=\"og:image\" content=\"https:\/\/previews.elleven.digital\/acocearense\/wp-content\/uploads\/2025\/05\/educaco-scaled.jpg\" \/>\n\t<meta property=\"og:image:width\" content=\"2560\" \/>\n\t<meta property=\"og:image:height\" content=\"1440\" \/>\n\t<meta property=\"og:image:type\" content=\"image\/jpeg\" \/>\n<meta name=\"twitter:card\" content=\"summary_large_image\" \/>\n<meta name=\"twitter:label1\" content=\"Est. reading time\" \/>\n\t<meta name=\"twitter:data1\" content=\"2 minutes\" \/>\n<script type=\"application\/ld+json\" class=\"yoast-schema-graph\">{\"@context\":\"https:\/\/schema.org\",\"@graph\":[{\"@type\":\"WebPage\",\"@id\":\"https:\/\/previews.elleven.digital\/acocearense\/noticia\/educaaco-forma-mais-94-novos-alunos\/\",\"url\":\"https:\/\/previews.elleven.digital\/acocearense\/noticia\/educaaco-forma-mais-94-novos-alunos\/\",\"name\":\"EducaA\u00e7o forma mais 94 novos alunos - Grupo A\u00e7o Cearense\",\"isPartOf\":{\"@id\":\"https:\/\/previews.elleven.digital\/acocearense\/#website\"},\"primaryImageOfPage\":{\"@id\":\"https:\/\/previews.elleven.digital\/acocearense\/noticia\/educaaco-forma-mais-94-novos-alunos\/#primaryimage\"},\"image\":{\"@id\":\"https:\/\/previews.elleven.digital\/acocearense\/noticia\/educaaco-forma-mais-94-novos-alunos\/#primaryimage\"},\"thumbnailUrl\":\"https:\/\/previews.elleven.digital\/acocearense\/wp-content\/uploads\/2025\/05\/educaco-scaled.jpg\",\"datePublished\":\"2018-01-10T16:37:23+00:00\",\"dateModified\":\"2025-05-07T17:43:54+00:00\",\"breadcrumb\":{\"@id\":\"https:\/\/previews.elleven.digital\/acocearense\/noticia\/educaaco-forma-mais-94-novos-alunos\/#breadcrumb\"},\"inLanguage\":\"en-US\",\"potentialAction\":[{\"@type\":\"ReadAction\",\"target\":[\"https:\/\/previews.elleven.digital\/acocearense\/noticia\/educaaco-forma-mais-94-novos-alunos\/\"]}]},{\"@type\":\"ImageObject\",\"inLanguage\":\"en-US\",\"@id\":\"https:\/\/previews.elleven.digital\/acocearense\/noticia\/educaaco-forma-mais-94-novos-alunos\/#primaryimage\",\"url\":\"https:\/\/previews.elleven.digital\/acocearense\/wp-content\/uploads\/2025\/05\/educaco-scaled.jpg\",\"contentUrl\":\"https:\/\/previews.elleven.digital\/acocearense\/wp-content\/uploads\/2025\/05\/educaco-scaled.jpg\",\"width\":2560,\"height\":1440},{\"@type\":\"BreadcrumbList\",\"@id\":\"https:\/\/previews.elleven.digital\/acocearense\/noticia\/educaaco-forma-mais-94-novos-alunos\/#breadcrumb\",\"itemListElement\":[{\"@type\":\"ListItem\",\"position\":1,\"name\":\"In\u00edcio\",\"item\":\"https:\/\/previews.elleven.digital\/acocearense\/\"},{\"@type\":\"ListItem\",\"position\":2,\"name\":\"Not\u00edcias\",\"item\":\"https:\/\/previews.elleven.digital\/acocearense\/noticias\/\"},{\"@type\":\"ListItem\",\"position\":3,\"name\":\"EducaA\u00e7o forma mais 94 novos alunos\"}]},{\"@type\":\"WebSite\",\"@id\":\"https:\/\/previews.elleven.digital\/acocearense\/#website\",\"url\":\"https:\/\/previews.elleven.digital\/acocearense\/\",\"name\":\"A\u00e7o Cearense\",\"description\":\"H\u00e1 mais de 45 anos no mercado brasileiro do a\u00e7o.\",\"alternateName\":\"A\u00e7o Cearense\",\"potentialAction\":[{\"@type\":\"SearchAction\",\"target\":{\"@type\":\"EntryPoint\",\"urlTemplate\":\"https:\/\/previews.elleven.digital\/acocearense\/?s={search_term_string}\"},\"query-input\":{\"@type\":\"PropertyValueSpecification\",\"valueRequired\":true,\"valueName\":\"search_term_string\"}}],\"inLanguage\":\"en-US\"}]}<\/script>\n<!-- \/ Yoast SEO plugin. -->","yoast_head_json":{"title":"EducaA\u00e7o forma mais 94 novos alunos - Grupo A\u00e7o Cearense","robots":{"index":"index","follow":"follow","max-snippet":"max-snippet:-1","max-image-preview":"max-image-preview:large","max-video-preview":"max-video-preview:-1"},"canonical":"https:\/\/previews.elleven.digital\/acocearense\/en\/noticia\/educaaco-forma-mais-94-novos-alunos\/","og_locale":"en_US","og_type":"article","og_title":"EducaA\u00e7o forma mais 94 novos alunos - Grupo A\u00e7o Cearense","og_description":"A\u00a0A\u00e7o Cearense formou 94 novos alunos do ensino m\u00e9dio por meio do Projeto EducaA\u00e7o, realizado(...)","og_url":"https:\/\/previews.elleven.digital\/acocearense\/en\/noticia\/educaaco-forma-mais-94-novos-alunos\/","og_site_name":"Grupo A\u00e7o Cearense","article_modified_time":"2025-05-07T17:43:54+00:00","og_image":[{"width":2560,"height":1440,"url":"https:\/\/previews.elleven.digital\/acocearense\/wp-content\/uploads\/2025\/05\/educaco-scaled.jpg","type":"image\/jpeg"}],"twitter_card":"summary_large_image","twitter_misc":{"Est. reading time":"2 minutes"},"schema":{"@context":"https:\/\/schema.org","@graph":[{"@type":"WebPage","@id":"https:\/\/previews.elleven.digital\/acocearense\/noticia\/educaaco-forma-mais-94-novos-alunos\/","url":"https:\/\/previews.elleven.digital\/acocearense\/noticia\/educaaco-forma-mais-94-novos-alunos\/","name":"EducaA\u00e7o forma mais 94 novos alunos - Grupo A\u00e7o Cearense","isPartOf":{"@id":"https:\/\/previews.elleven.digital\/acocearense\/#website"},"primaryImageOfPage":{"@id":"https:\/\/previews.elleven.digital\/acocearense\/noticia\/educaaco-forma-mais-94-novos-alunos\/#primaryimage"},"image":{"@id":"https:\/\/previews.elleven.digital\/acocearense\/noticia\/educaaco-forma-mais-94-novos-alunos\/#primaryimage"},"thumbnailUrl":"https:\/\/previews.elleven.digital\/acocearense\/wp-content\/uploads\/2025\/05\/educaco-scaled.jpg","datePublished":"2018-01-10T16:37:23+00:00","dateModified":"2025-05-07T17:43:54+00:00","breadcrumb":{"@id":"https:\/\/previews.elleven.digital\/acocearense\/noticia\/educaaco-forma-mais-94-novos-alunos\/#breadcrumb"},"inLanguage":"en-US","potentialAction":[{"@type":"ReadAction","target":["https:\/\/previews.elleven.digital\/acocearense\/noticia\/educaaco-forma-mais-94-novos-alunos\/"]}]},{"@type":"ImageObject","inLanguage":"en-US","@id":"https:\/\/previews.elleven.digital\/acocearense\/noticia\/educaaco-forma-mais-94-novos-alunos\/#primaryimage","url":"https:\/\/previews.elleven.digital\/acocearense\/wp-content\/uploads\/2025\/05\/educaco-scaled.jpg","contentUrl":"https:\/\/previews.elleven.digital\/acocearense\/wp-content\/uploads\/2025\/05\/educaco-scaled.jpg","width":2560,"height":1440},{"@type":"BreadcrumbList","@id":"https:\/\/previews.elleven.digital\/acocearense\/noticia\/educaaco-forma-mais-94-novos-alunos\/#breadcrumb","itemListElement":[{"@type":"ListItem","position":1,"name":"In\u00edcio","item":"https:\/\/previews.elleven.digital\/acocearense\/"},{"@type":"ListItem","position":2,"name":"Not\u00edcias","item":"https:\/\/previews.elleven.digital\/acocearense\/noticias\/"},{"@type":"ListItem","position":3,"name":"EducaA\u00e7o forma mais 94 novos alunos"}]},{"@type":"WebSite","@id":"https:\/\/previews.elleven.digital\/acocearense\/#website","url":"https:\/\/previews.elleven.digital\/acocearense\/","name":"Cear\u00e1 Steel","description":"We have been in the Brazilian steel market for over 45 years.","alternateName":"A\u00e7o Cearense","potentialAction":[{"@type":"SearchAction","target":{"@type":"EntryPoint","urlTemplate":"https:\/\/previews.elleven.digital\/acocearense\/?s={search_term_string}"},"query-input":{"@type":"PropertyValueSpecification","valueRequired":true,"valueName":"search_term_string"}}],"inLanguage":"en-US"}]}},"_links":{"self":[{"href":"https:\/\/previews.elleven.digital\/acocearense\/en\/wp-json\/wp\/v2\/noticia\/1753","targetHints":{"allow":["GET"]}}],"collection":[{"href":"https:\/\/previews.elleven.digital\/acocearense\/en\/wp-json\/wp\/v2\/noticia"}],"about":[{"href":"https:\/\/previews.elleven.digital\/acocearense\/en\/wp-json\/wp\/v2\/types\/noticia"}],"wp:featuredmedia":[{"embeddable":true,"href":"https:\/\/previews.elleven.digital\/acocearense\/en\/wp-json\/wp\/v2\/media\/1763"}],"wp:attachment":[{"href":"https:\/\/previews.elleven.digital\/acocearense\/en\/wp-json\/wp\/v2\/media?parent=1753"}],"wp:term":[{"taxonomy":"categoria-noticia","embeddable":true,"href":"https:\/\/previews.elleven.digital\/acocearense\/en\/wp-json\/wp\/v2\/categoria-noticia?post=1753"}],"curies":[{"name":"wp","href":"https:\/\/api.w.org\/{rel}","templated":true}]}}