{"id":1751,"date":"2017-12-28T14:35:57","date_gmt":"2017-12-28T16:35:57","guid":{"rendered":"https:\/\/previews.elleven.digital\/acocearense\/?post_type=noticia&#038;p=1751"},"modified":"2025-05-07T14:36:22","modified_gmt":"2025-05-07T17:36:22","slug":"ciclista-cearense-termina-o-ano-em-primeiro-lugar-no-ranking-nacional","status":"publish","type":"noticia","link":"https:\/\/previews.elleven.digital\/acocearense\/en\/noticia\/ciclista-cearense-termina-o-ano-em-primeiro-lugar-no-ranking-nacional\/","title":{"rendered":"Cyclist from Cear\u00e1 ends the year in first place in the national ranking"},"content":{"rendered":"<p>After achieving second place in the Brazilian Paracycling Championship in the Endurance Test and third in the Time Trial, during races held from December 1st to 3rd in Rio de Janeiro, the Cear\u00e1 Mountain Bike Elite and Marathon champion, Gilberto Silva, a cyclist from Cear\u00e1, sponsored by the Instituto A\u00e7o Cearense, also achieved first place in the Brazilian Paracycling ranking.<\/p>\n<p>With the points earned throughout the year, Gilberto also achieved second place in the national Elite Mountain Bike rankings. &quot;Reaching the top of the national rankings was a longtime dream, now achieved. From now on, we&#039;ll redouble our efforts to reach even higher,&quot; emphasized Gilberto Silva, who works for A\u00e7o Cearense Comercial.<\/p>\n<p>Happy with a successful year, the cyclist from Cear\u00e1 is now preparing for the challenges of 2018. His first competition will be the Cerapi\u00f3 Rally, from January 23rd to 27th. After that, he will be fully prepared for the South American Paracycling Championship, which will take place on March 14th and 15th in Rio de Janeiro.<\/p>","protected":false},"featured_media":1735,"template":"","meta":{"_acf_changed":false,"inline_featured_image":false},"categoria-noticia":[],"class_list":["post-1751","noticia","type-noticia","status-publish","has-post-thumbnail","hentry"],"acf":{"link":""},"yoast_head":"<!-- This site is optimized with the Yoast SEO plugin v25.9 - https:\/\/yoast.com\/wordpress\/plugins\/seo\/ -->\n<title>Ciclista cearense termina o ano em primeiro lugar no ranking nacional - Grupo A\u00e7o Cearense<\/title>\n<meta name=\"robots\" content=\"index, follow, max-snippet:-1, max-image-preview:large, max-video-preview:-1\" \/>\n<link rel=\"canonical\" href=\"https:\/\/previews.elleven.digital\/acocearense\/en\/noticia\/ciclista-cearense-termina-o-ano-em-primeiro-lugar-no-ranking-nacional\/\" \/>\n<meta property=\"og:locale\" content=\"en_US\" \/>\n<meta property=\"og:type\" content=\"article\" \/>\n<meta property=\"og:title\" content=\"Ciclista cearense termina o ano em primeiro lugar no ranking nacional - Grupo A\u00e7o Cearense\" \/>\n<meta property=\"og:description\" content=\"Depois de conquistar o segundo lugar no Campeonato Brasileiro de Paraciclismo na Prova de Resist\u00eancia(...)\" \/>\n<meta property=\"og:url\" content=\"https:\/\/previews.elleven.digital\/acocearense\/en\/noticia\/ciclista-cearense-termina-o-ano-em-primeiro-lugar-no-ranking-nacional\/\" \/>\n<meta property=\"og:site_name\" content=\"Grupo A\u00e7o Cearense\" \/>\n<meta property=\"article:modified_time\" content=\"2025-05-07T17:36:22+00:00\" \/>\n<meta property=\"og:image\" content=\"https:\/\/previews.elleven.digital\/acocearense\/wp-content\/uploads\/2025\/05\/Gilberto2017.jpg\" \/>\n\t<meta property=\"og:image:width\" content=\"1280\" \/>\n\t<meta property=\"og:image:height\" content=\"720\" \/>\n\t<meta property=\"og:image:type\" content=\"image\/jpeg\" \/>\n<meta name=\"twitter:card\" content=\"summary_large_image\" \/>\n<meta name=\"twitter:label1\" content=\"Est. reading time\" \/>\n\t<meta name=\"twitter:data1\" content=\"2 minutes\" \/>\n<script type=\"application\/ld+json\" class=\"yoast-schema-graph\">{\"@context\":\"https:\/\/schema.org\",\"@graph\":[{\"@type\":\"WebPage\",\"@id\":\"https:\/\/previews.elleven.digital\/acocearense\/noticia\/ciclista-cearense-termina-o-ano-em-primeiro-lugar-no-ranking-nacional\/\",\"url\":\"https:\/\/previews.elleven.digital\/acocearense\/noticia\/ciclista-cearense-termina-o-ano-em-primeiro-lugar-no-ranking-nacional\/\",\"name\":\"Ciclista cearense termina o ano em primeiro lugar no ranking nacional - Grupo A\u00e7o Cearense\",\"isPartOf\":{\"@id\":\"https:\/\/previews.elleven.digital\/acocearense\/#website\"},\"primaryImageOfPage\":{\"@id\":\"https:\/\/previews.elleven.digital\/acocearense\/noticia\/ciclista-cearense-termina-o-ano-em-primeiro-lugar-no-ranking-nacional\/#primaryimage\"},\"image\":{\"@id\":\"https:\/\/previews.elleven.digital\/acocearense\/noticia\/ciclista-cearense-termina-o-ano-em-primeiro-lugar-no-ranking-nacional\/#primaryimage\"},\"thumbnailUrl\":\"https:\/\/previews.elleven.digital\/acocearense\/wp-content\/uploads\/2025\/05\/Gilberto2017.jpg\",\"datePublished\":\"2017-12-28T16:35:57+00:00\",\"dateModified\":\"2025-05-07T17:36:22+00:00\",\"breadcrumb\":{\"@id\":\"https:\/\/previews.elleven.digital\/acocearense\/noticia\/ciclista-cearense-termina-o-ano-em-primeiro-lugar-no-ranking-nacional\/#breadcrumb\"},\"inLanguage\":\"en-US\",\"potentialAction\":[{\"@type\":\"ReadAction\",\"target\":[\"https:\/\/previews.elleven.digital\/acocearense\/noticia\/ciclista-cearense-termina-o-ano-em-primeiro-lugar-no-ranking-nacional\/\"]}]},{\"@type\":\"ImageObject\",\"inLanguage\":\"en-US\",\"@id\":\"https:\/\/previews.elleven.digital\/acocearense\/noticia\/ciclista-cearense-termina-o-ano-em-primeiro-lugar-no-ranking-nacional\/#primaryimage\",\"url\":\"https:\/\/previews.elleven.digital\/acocearense\/wp-content\/uploads\/2025\/05\/Gilberto2017.jpg\",\"contentUrl\":\"https:\/\/previews.elleven.digital\/acocearense\/wp-content\/uploads\/2025\/05\/Gilberto2017.jpg\",\"width\":1280,\"height\":720},{\"@type\":\"BreadcrumbList\",\"@id\":\"https:\/\/previews.elleven.digital\/acocearense\/noticia\/ciclista-cearense-termina-o-ano-em-primeiro-lugar-no-ranking-nacional\/#breadcrumb\",\"itemListElement\":[{\"@type\":\"ListItem\",\"position\":1,\"name\":\"In\u00edcio\",\"item\":\"https:\/\/previews.elleven.digital\/acocearense\/\"},{\"@type\":\"ListItem\",\"position\":2,\"name\":\"Not\u00edcias\",\"item\":\"https:\/\/previews.elleven.digital\/acocearense\/noticias\/\"},{\"@type\":\"ListItem\",\"position\":3,\"name\":\"Ciclista cearense termina o ano em primeiro lugar no ranking nacional\"}]},{\"@type\":\"WebSite\",\"@id\":\"https:\/\/previews.elleven.digital\/acocearense\/#website\",\"url\":\"https:\/\/previews.elleven.digital\/acocearense\/\",\"name\":\"A\u00e7o Cearense\",\"description\":\"H\u00e1 mais de 45 anos no mercado brasileiro do a\u00e7o.\",\"alternateName\":\"A\u00e7o Cearense\",\"potentialAction\":[{\"@type\":\"SearchAction\",\"target\":{\"@type\":\"EntryPoint\",\"urlTemplate\":\"https:\/\/previews.elleven.digital\/acocearense\/?s={search_term_string}\"},\"query-input\":{\"@type\":\"PropertyValueSpecification\",\"valueRequired\":true,\"valueName\":\"search_term_string\"}}],\"inLanguage\":\"en-US\"}]}<\/script>\n<!-- \/ Yoast SEO plugin. -->","yoast_head_json":{"title":"Ciclista cearense termina o ano em primeiro lugar no ranking nacional - Grupo A\u00e7o Cearense","robots":{"index":"index","follow":"follow","max-snippet":"max-snippet:-1","max-image-preview":"max-image-preview:large","max-video-preview":"max-video-preview:-1"},"canonical":"https:\/\/previews.elleven.digital\/acocearense\/en\/noticia\/ciclista-cearense-termina-o-ano-em-primeiro-lugar-no-ranking-nacional\/","og_locale":"en_US","og_type":"article","og_title":"Ciclista cearense termina o ano em primeiro lugar no ranking nacional - Grupo A\u00e7o Cearense","og_description":"Depois de conquistar o segundo lugar no Campeonato Brasileiro de Paraciclismo na Prova de Resist\u00eancia(...)","og_url":"https:\/\/previews.elleven.digital\/acocearense\/en\/noticia\/ciclista-cearense-termina-o-ano-em-primeiro-lugar-no-ranking-nacional\/","og_site_name":"Grupo A\u00e7o Cearense","article_modified_time":"2025-05-07T17:36:22+00:00","og_image":[{"width":1280,"height":720,"url":"https:\/\/previews.elleven.digital\/acocearense\/wp-content\/uploads\/2025\/05\/Gilberto2017.jpg","type":"image\/jpeg"}],"twitter_card":"summary_large_image","twitter_misc":{"Est. reading time":"2 minutes"},"schema":{"@context":"https:\/\/schema.org","@graph":[{"@type":"WebPage","@id":"https:\/\/previews.elleven.digital\/acocearense\/noticia\/ciclista-cearense-termina-o-ano-em-primeiro-lugar-no-ranking-nacional\/","url":"https:\/\/previews.elleven.digital\/acocearense\/noticia\/ciclista-cearense-termina-o-ano-em-primeiro-lugar-no-ranking-nacional\/","name":"Ciclista cearense termina o ano em primeiro lugar no ranking nacional - Grupo A\u00e7o Cearense","isPartOf":{"@id":"https:\/\/previews.elleven.digital\/acocearense\/#website"},"primaryImageOfPage":{"@id":"https:\/\/previews.elleven.digital\/acocearense\/noticia\/ciclista-cearense-termina-o-ano-em-primeiro-lugar-no-ranking-nacional\/#primaryimage"},"image":{"@id":"https:\/\/previews.elleven.digital\/acocearense\/noticia\/ciclista-cearense-termina-o-ano-em-primeiro-lugar-no-ranking-nacional\/#primaryimage"},"thumbnailUrl":"https:\/\/previews.elleven.digital\/acocearense\/wp-content\/uploads\/2025\/05\/Gilberto2017.jpg","datePublished":"2017-12-28T16:35:57+00:00","dateModified":"2025-05-07T17:36:22+00:00","breadcrumb":{"@id":"https:\/\/previews.elleven.digital\/acocearense\/noticia\/ciclista-cearense-termina-o-ano-em-primeiro-lugar-no-ranking-nacional\/#breadcrumb"},"inLanguage":"en-US","potentialAction":[{"@type":"ReadAction","target":["https:\/\/previews.elleven.digital\/acocearense\/noticia\/ciclista-cearense-termina-o-ano-em-primeiro-lugar-no-ranking-nacional\/"]}]},{"@type":"ImageObject","inLanguage":"en-US","@id":"https:\/\/previews.elleven.digital\/acocearense\/noticia\/ciclista-cearense-termina-o-ano-em-primeiro-lugar-no-ranking-nacional\/#primaryimage","url":"https:\/\/previews.elleven.digital\/acocearense\/wp-content\/uploads\/2025\/05\/Gilberto2017.jpg","contentUrl":"https:\/\/previews.elleven.digital\/acocearense\/wp-content\/uploads\/2025\/05\/Gilberto2017.jpg","width":1280,"height":720},{"@type":"BreadcrumbList","@id":"https:\/\/previews.elleven.digital\/acocearense\/noticia\/ciclista-cearense-termina-o-ano-em-primeiro-lugar-no-ranking-nacional\/#breadcrumb","itemListElement":[{"@type":"ListItem","position":1,"name":"In\u00edcio","item":"https:\/\/previews.elleven.digital\/acocearense\/"},{"@type":"ListItem","position":2,"name":"Not\u00edcias","item":"https:\/\/previews.elleven.digital\/acocearense\/noticias\/"},{"@type":"ListItem","position":3,"name":"Ciclista cearense termina o ano em primeiro lugar no ranking nacional"}]},{"@type":"WebSite","@id":"https:\/\/previews.elleven.digital\/acocearense\/#website","url":"https:\/\/previews.elleven.digital\/acocearense\/","name":"Cear\u00e1 Steel","description":"We have been in the Brazilian steel market for over 45 years.","alternateName":"A\u00e7o Cearense","potentialAction":[{"@type":"SearchAction","target":{"@type":"EntryPoint","urlTemplate":"https:\/\/previews.elleven.digital\/acocearense\/?s={search_term_string}"},"query-input":{"@type":"PropertyValueSpecification","valueRequired":true,"valueName":"search_term_string"}}],"inLanguage":"en-US"}]}},"_links":{"self":[{"href":"https:\/\/previews.elleven.digital\/acocearense\/en\/wp-json\/wp\/v2\/noticia\/1751","targetHints":{"allow":["GET"]}}],"collection":[{"href":"https:\/\/previews.elleven.digital\/acocearense\/en\/wp-json\/wp\/v2\/noticia"}],"about":[{"href":"https:\/\/previews.elleven.digital\/acocearense\/en\/wp-json\/wp\/v2\/types\/noticia"}],"wp:featuredmedia":[{"embeddable":true,"href":"https:\/\/previews.elleven.digital\/acocearense\/en\/wp-json\/wp\/v2\/media\/1735"}],"wp:attachment":[{"href":"https:\/\/previews.elleven.digital\/acocearense\/en\/wp-json\/wp\/v2\/media?parent=1751"}],"wp:term":[{"taxonomy":"categoria-noticia","embeddable":true,"href":"https:\/\/previews.elleven.digital\/acocearense\/en\/wp-json\/wp\/v2\/categoria-noticia?post=1751"}],"curies":[{"name":"wp","href":"https:\/\/api.w.org\/{rel}","templated":true}]}}