{"id":1748,"date":"2017-09-20T14:34:22","date_gmt":"2017-09-20T17:34:22","guid":{"rendered":"https:\/\/previews.elleven.digital\/acocearense\/?post_type=noticia&#038;p=1748"},"modified":"2025-05-07T14:34:47","modified_gmt":"2025-05-07T17:34:47","slug":"integracao-e-informacao-marcaram-o-encontro-interno-de-vendas-2017","status":"publish","type":"noticia","link":"https:\/\/previews.elleven.digital\/acocearense\/en\/noticia\/integracao-e-informacao-marcaram-o-encontro-interno-de-vendas-2017\/","title":{"rendered":"Integration and information marked the 2017 Internal Sales Meeting"},"content":{"rendered":"<p>The 2017 Internal Sales Meeting took place in September, in the A\u00e7o Cearense Comercial auditorium. The event was held for around 100 people, including internal salespeople, managers and directors.<\/p>\n<p>The Sales Meeting was a mix of integration and information about the business, related to the day-to-day operations of the Commercial area and was attended by President Vilmar Ferreira, Vice President of Operations, Ian Corr\u00eaa, Commercial and Financial Vice President, Aline Ferreira, Commercial Director, Paulo Martins, Sales Managers, Expedito Jovino, Amanda Feij\u00f3 and Newton J\u00fanior.<\/p>\n<p>With a diverse program lasting 8 hours, the meeting provided sales professionals with information on the steel market, tax updates, stainless steel sales rules, company logistics, and adaptations in the registration, credit, and collections departments to the new market scenario. The topics were presented by speakers Rafael Freitas (Special Markets), Gilberto Andrade and Erik Mendes (Logistics), Ailomar Ara\u00fajo (Credit and Collections), and Diego Angelim (Tax). The attendees also attended motivational talks given by Vox L\u00edderes.<\/p>\n<p>Paulo Martins said the Sales Meeting was a good opportunity for team building. &quot;Our meeting aimed to enhance participants&#039; knowledge and provide a moment for teamwork for those areas that maintain daily contact. We noticed the economic recovery in Brazil, so we set out to train our salespeople and encourage them for this phase of business growth. The event was very beneficial for everyone who participated, and we will continue to plan other team activities.&quot;<\/p>","protected":false},"featured_media":1738,"template":"","meta":{"_acf_changed":false,"inline_featured_image":false},"categoria-noticia":[],"class_list":["post-1748","noticia","type-noticia","status-publish","has-post-thumbnail","hentry"],"acf":{"link":""},"yoast_head":"<!-- This site is optimized with the Yoast SEO plugin v25.9 - https:\/\/yoast.com\/wordpress\/plugins\/seo\/ -->\n<title>Integra\u00e7\u00e3o e informa\u00e7\u00e3o marcaram o Encontro Interno de Vendas 2017 - Grupo A\u00e7o Cearense<\/title>\n<meta name=\"robots\" content=\"index, follow, max-snippet:-1, max-image-preview:large, max-video-preview:-1\" \/>\n<link rel=\"canonical\" href=\"https:\/\/previews.elleven.digital\/acocearense\/en\/noticia\/integracao-e-informacao-marcaram-o-encontro-interno-de-vendas-2017\/\" \/>\n<meta property=\"og:locale\" content=\"en_US\" \/>\n<meta property=\"og:type\" content=\"article\" \/>\n<meta property=\"og:title\" content=\"Integra\u00e7\u00e3o e informa\u00e7\u00e3o marcaram o Encontro Interno de Vendas 2017 - Grupo A\u00e7o Cearense\" \/>\n<meta property=\"og:description\" content=\"Aconteceu no m\u00eas de setembro, no audit\u00f3rio da A\u00e7o Cearense Comercial, o Encontro Interno de(...)\" \/>\n<meta property=\"og:url\" content=\"https:\/\/previews.elleven.digital\/acocearense\/en\/noticia\/integracao-e-informacao-marcaram-o-encontro-interno-de-vendas-2017\/\" \/>\n<meta property=\"og:site_name\" content=\"Grupo A\u00e7o Cearense\" \/>\n<meta property=\"article:modified_time\" content=\"2025-05-07T17:34:47+00:00\" \/>\n<meta property=\"og:image\" content=\"https:\/\/previews.elleven.digital\/acocearense\/wp-content\/uploads\/2025\/05\/67220ca0-5a24-40e1-964b-6d34eb7344e1.jpg\" \/>\n\t<meta property=\"og:image:width\" content=\"960\" \/>\n\t<meta property=\"og:image:height\" content=\"720\" \/>\n\t<meta property=\"og:image:type\" content=\"image\/jpeg\" \/>\n<meta name=\"twitter:card\" content=\"summary_large_image\" \/>\n<meta name=\"twitter:label1\" content=\"Est. reading time\" \/>\n\t<meta name=\"twitter:data1\" content=\"2 minutes\" \/>\n<script type=\"application\/ld+json\" class=\"yoast-schema-graph\">{\"@context\":\"https:\/\/schema.org\",\"@graph\":[{\"@type\":\"WebPage\",\"@id\":\"https:\/\/previews.elleven.digital\/acocearense\/noticia\/integracao-e-informacao-marcaram-o-encontro-interno-de-vendas-2017\/\",\"url\":\"https:\/\/previews.elleven.digital\/acocearense\/noticia\/integracao-e-informacao-marcaram-o-encontro-interno-de-vendas-2017\/\",\"name\":\"Integra\u00e7\u00e3o e informa\u00e7\u00e3o marcaram o Encontro Interno de Vendas 2017 - Grupo A\u00e7o Cearense\",\"isPartOf\":{\"@id\":\"https:\/\/previews.elleven.digital\/acocearense\/#website\"},\"primaryImageOfPage\":{\"@id\":\"https:\/\/previews.elleven.digital\/acocearense\/noticia\/integracao-e-informacao-marcaram-o-encontro-interno-de-vendas-2017\/#primaryimage\"},\"image\":{\"@id\":\"https:\/\/previews.elleven.digital\/acocearense\/noticia\/integracao-e-informacao-marcaram-o-encontro-interno-de-vendas-2017\/#primaryimage\"},\"thumbnailUrl\":\"https:\/\/previews.elleven.digital\/acocearense\/wp-content\/uploads\/2025\/05\/67220ca0-5a24-40e1-964b-6d34eb7344e1.jpg\",\"datePublished\":\"2017-09-20T17:34:22+00:00\",\"dateModified\":\"2025-05-07T17:34:47+00:00\",\"breadcrumb\":{\"@id\":\"https:\/\/previews.elleven.digital\/acocearense\/noticia\/integracao-e-informacao-marcaram-o-encontro-interno-de-vendas-2017\/#breadcrumb\"},\"inLanguage\":\"en-US\",\"potentialAction\":[{\"@type\":\"ReadAction\",\"target\":[\"https:\/\/previews.elleven.digital\/acocearense\/noticia\/integracao-e-informacao-marcaram-o-encontro-interno-de-vendas-2017\/\"]}]},{\"@type\":\"ImageObject\",\"inLanguage\":\"en-US\",\"@id\":\"https:\/\/previews.elleven.digital\/acocearense\/noticia\/integracao-e-informacao-marcaram-o-encontro-interno-de-vendas-2017\/#primaryimage\",\"url\":\"https:\/\/previews.elleven.digital\/acocearense\/wp-content\/uploads\/2025\/05\/67220ca0-5a24-40e1-964b-6d34eb7344e1.jpg\",\"contentUrl\":\"https:\/\/previews.elleven.digital\/acocearense\/wp-content\/uploads\/2025\/05\/67220ca0-5a24-40e1-964b-6d34eb7344e1.jpg\",\"width\":960,\"height\":720},{\"@type\":\"BreadcrumbList\",\"@id\":\"https:\/\/previews.elleven.digital\/acocearense\/noticia\/integracao-e-informacao-marcaram-o-encontro-interno-de-vendas-2017\/#breadcrumb\",\"itemListElement\":[{\"@type\":\"ListItem\",\"position\":1,\"name\":\"In\u00edcio\",\"item\":\"https:\/\/previews.elleven.digital\/acocearense\/\"},{\"@type\":\"ListItem\",\"position\":2,\"name\":\"Not\u00edcias\",\"item\":\"https:\/\/previews.elleven.digital\/acocearense\/noticias\/\"},{\"@type\":\"ListItem\",\"position\":3,\"name\":\"Integra\u00e7\u00e3o e informa\u00e7\u00e3o marcaram o Encontro Interno de Vendas 2017\"}]},{\"@type\":\"WebSite\",\"@id\":\"https:\/\/previews.elleven.digital\/acocearense\/#website\",\"url\":\"https:\/\/previews.elleven.digital\/acocearense\/\",\"name\":\"A\u00e7o Cearense\",\"description\":\"H\u00e1 mais de 45 anos no mercado brasileiro do a\u00e7o.\",\"alternateName\":\"A\u00e7o Cearense\",\"potentialAction\":[{\"@type\":\"SearchAction\",\"target\":{\"@type\":\"EntryPoint\",\"urlTemplate\":\"https:\/\/previews.elleven.digital\/acocearense\/?s={search_term_string}\"},\"query-input\":{\"@type\":\"PropertyValueSpecification\",\"valueRequired\":true,\"valueName\":\"search_term_string\"}}],\"inLanguage\":\"en-US\"}]}<\/script>\n<!-- \/ Yoast SEO plugin. -->","yoast_head_json":{"title":"Integra\u00e7\u00e3o e informa\u00e7\u00e3o marcaram o Encontro Interno de Vendas 2017 - Grupo A\u00e7o Cearense","robots":{"index":"index","follow":"follow","max-snippet":"max-snippet:-1","max-image-preview":"max-image-preview:large","max-video-preview":"max-video-preview:-1"},"canonical":"https:\/\/previews.elleven.digital\/acocearense\/en\/noticia\/integracao-e-informacao-marcaram-o-encontro-interno-de-vendas-2017\/","og_locale":"en_US","og_type":"article","og_title":"Integra\u00e7\u00e3o e informa\u00e7\u00e3o marcaram o Encontro Interno de Vendas 2017 - Grupo A\u00e7o Cearense","og_description":"Aconteceu no m\u00eas de setembro, no audit\u00f3rio da A\u00e7o Cearense Comercial, o Encontro Interno de(...)","og_url":"https:\/\/previews.elleven.digital\/acocearense\/en\/noticia\/integracao-e-informacao-marcaram-o-encontro-interno-de-vendas-2017\/","og_site_name":"Grupo A\u00e7o Cearense","article_modified_time":"2025-05-07T17:34:47+00:00","og_image":[{"width":960,"height":720,"url":"https:\/\/previews.elleven.digital\/acocearense\/wp-content\/uploads\/2025\/05\/67220ca0-5a24-40e1-964b-6d34eb7344e1.jpg","type":"image\/jpeg"}],"twitter_card":"summary_large_image","twitter_misc":{"Est. reading time":"2 minutes"},"schema":{"@context":"https:\/\/schema.org","@graph":[{"@type":"WebPage","@id":"https:\/\/previews.elleven.digital\/acocearense\/noticia\/integracao-e-informacao-marcaram-o-encontro-interno-de-vendas-2017\/","url":"https:\/\/previews.elleven.digital\/acocearense\/noticia\/integracao-e-informacao-marcaram-o-encontro-interno-de-vendas-2017\/","name":"Integra\u00e7\u00e3o e informa\u00e7\u00e3o marcaram o Encontro Interno de Vendas 2017 - Grupo A\u00e7o Cearense","isPartOf":{"@id":"https:\/\/previews.elleven.digital\/acocearense\/#website"},"primaryImageOfPage":{"@id":"https:\/\/previews.elleven.digital\/acocearense\/noticia\/integracao-e-informacao-marcaram-o-encontro-interno-de-vendas-2017\/#primaryimage"},"image":{"@id":"https:\/\/previews.elleven.digital\/acocearense\/noticia\/integracao-e-informacao-marcaram-o-encontro-interno-de-vendas-2017\/#primaryimage"},"thumbnailUrl":"https:\/\/previews.elleven.digital\/acocearense\/wp-content\/uploads\/2025\/05\/67220ca0-5a24-40e1-964b-6d34eb7344e1.jpg","datePublished":"2017-09-20T17:34:22+00:00","dateModified":"2025-05-07T17:34:47+00:00","breadcrumb":{"@id":"https:\/\/previews.elleven.digital\/acocearense\/noticia\/integracao-e-informacao-marcaram-o-encontro-interno-de-vendas-2017\/#breadcrumb"},"inLanguage":"en-US","potentialAction":[{"@type":"ReadAction","target":["https:\/\/previews.elleven.digital\/acocearense\/noticia\/integracao-e-informacao-marcaram-o-encontro-interno-de-vendas-2017\/"]}]},{"@type":"ImageObject","inLanguage":"en-US","@id":"https:\/\/previews.elleven.digital\/acocearense\/noticia\/integracao-e-informacao-marcaram-o-encontro-interno-de-vendas-2017\/#primaryimage","url":"https:\/\/previews.elleven.digital\/acocearense\/wp-content\/uploads\/2025\/05\/67220ca0-5a24-40e1-964b-6d34eb7344e1.jpg","contentUrl":"https:\/\/previews.elleven.digital\/acocearense\/wp-content\/uploads\/2025\/05\/67220ca0-5a24-40e1-964b-6d34eb7344e1.jpg","width":960,"height":720},{"@type":"BreadcrumbList","@id":"https:\/\/previews.elleven.digital\/acocearense\/noticia\/integracao-e-informacao-marcaram-o-encontro-interno-de-vendas-2017\/#breadcrumb","itemListElement":[{"@type":"ListItem","position":1,"name":"In\u00edcio","item":"https:\/\/previews.elleven.digital\/acocearense\/"},{"@type":"ListItem","position":2,"name":"Not\u00edcias","item":"https:\/\/previews.elleven.digital\/acocearense\/noticias\/"},{"@type":"ListItem","position":3,"name":"Integra\u00e7\u00e3o e informa\u00e7\u00e3o marcaram o Encontro Interno de Vendas 2017"}]},{"@type":"WebSite","@id":"https:\/\/previews.elleven.digital\/acocearense\/#website","url":"https:\/\/previews.elleven.digital\/acocearense\/","name":"Cear\u00e1 Steel","description":"We have been in the Brazilian steel market for over 45 years.","alternateName":"A\u00e7o Cearense","potentialAction":[{"@type":"SearchAction","target":{"@type":"EntryPoint","urlTemplate":"https:\/\/previews.elleven.digital\/acocearense\/?s={search_term_string}"},"query-input":{"@type":"PropertyValueSpecification","valueRequired":true,"valueName":"search_term_string"}}],"inLanguage":"en-US"}]}},"_links":{"self":[{"href":"https:\/\/previews.elleven.digital\/acocearense\/en\/wp-json\/wp\/v2\/noticia\/1748","targetHints":{"allow":["GET"]}}],"collection":[{"href":"https:\/\/previews.elleven.digital\/acocearense\/en\/wp-json\/wp\/v2\/noticia"}],"about":[{"href":"https:\/\/previews.elleven.digital\/acocearense\/en\/wp-json\/wp\/v2\/types\/noticia"}],"wp:featuredmedia":[{"embeddable":true,"href":"https:\/\/previews.elleven.digital\/acocearense\/en\/wp-json\/wp\/v2\/media\/1738"}],"wp:attachment":[{"href":"https:\/\/previews.elleven.digital\/acocearense\/en\/wp-json\/wp\/v2\/media?parent=1748"}],"wp:term":[{"taxonomy":"categoria-noticia","embeddable":true,"href":"https:\/\/previews.elleven.digital\/acocearense\/en\/wp-json\/wp\/v2\/categoria-noticia?post=1748"}],"curies":[{"name":"wp","href":"https:\/\/api.w.org\/{rel}","templated":true}]}}