{"id":1744,"date":"2017-06-22T14:32:10","date_gmt":"2017-06-22T17:32:10","guid":{"rendered":"https:\/\/previews.elleven.digital\/acocearense\/?post_type=noticia&#038;p=1744"},"modified":"2025-05-07T14:32:46","modified_gmt":"2025-05-07T17:32:46","slug":"atleta-patrocinado-pelo-instituto-aco-cearense-e-bronze-na-copa-brasil-de-paraciclismo","status":"publish","type":"noticia","link":"https:\/\/previews.elleven.digital\/acocearense\/en\/noticia\/atleta-patrocinado-pelo-instituto-aco-cearense-e-bronze-na-copa-brasil-de-paraciclismo\/","title":{"rendered":"Athlete sponsored by Instituto A\u00e7o Cearense wins bronze in the Brazilian Paracycling Cup"},"content":{"rendered":"<p>Gilberto de Sousa Silva, a Service Department employee at A\u00e7o Cearense Comercial and a Cear\u00e1-based paracyclist sponsored by the A\u00e7o Cearense Institute, achieved another impressive result. He placed third in the first stage of the Brazilian Paracycling Cup in the C5 category Endurance Race, completing the 3.9 km circuit in 1 hour 18 minutes 22 seconds. In the Time Trial, Gilberto finished fourth. This was the Cear\u00e1 native&#039;s fourth medal in the Brazilian Paracycling Cup. This event is one of the most important events on the national calendar and contributes to the Brazilian ranking.<\/p>\n<p>The event took place on June 3rd and 4th at the Indaiatuba Municipal Velodrome in S\u00e3o Paulo. The competition was organized by the Brazilian Cycling Confederation (CBC), the Brazilian Paralympic Committee (CPB), and the S\u00e3o Paulo Cycling Federation (FPC).<\/p>\n<p>Gilberto has accumulated more than 300 podium finishes throughout his career. Hundreds of medals and awards are carefully and proudly stored in the house where he lives with his wife and two children in the Parque Luzardo Viana neighborhood of Maracana\u00fa, Cear\u00e1.<\/p>\n<p>The athlete&#039;s most recent victories were in Pedro Segundo, Piau\u00ed, where he took first place in the Elite category and second place overall. In May, Gilberto participated in the Hally 40 Graus and took third place in his category, both qualifying for the national rankings. His next competition will be in July, in Picos, also in Piau\u00ed.<\/p>","protected":false},"featured_media":1742,"template":"","meta":{"_acf_changed":false,"inline_featured_image":false},"categoria-noticia":[],"class_list":["post-1744","noticia","type-noticia","status-publish","has-post-thumbnail","hentry"],"acf":{"link":""},"yoast_head":"<!-- This site is optimized with the Yoast SEO plugin v25.9 - https:\/\/yoast.com\/wordpress\/plugins\/seo\/ -->\n<title>Atleta patrocinado pelo Instituto A\u00e7o Cearense \u00e9 bronze na Copa Brasil de Paraciclismo - Grupo A\u00e7o Cearense<\/title>\n<meta name=\"robots\" content=\"index, follow, max-snippet:-1, max-image-preview:large, max-video-preview:-1\" \/>\n<link rel=\"canonical\" href=\"https:\/\/previews.elleven.digital\/acocearense\/en\/noticia\/atleta-patrocinado-pelo-instituto-aco-cearense-e-bronze-na-copa-brasil-de-paraciclismo\/\" \/>\n<meta property=\"og:locale\" content=\"en_US\" \/>\n<meta property=\"og:type\" content=\"article\" \/>\n<meta property=\"og:title\" content=\"Atleta patrocinado pelo Instituto A\u00e7o Cearense \u00e9 bronze na Copa Brasil de Paraciclismo - Grupo A\u00e7o Cearense\" \/>\n<meta property=\"og:description\" content=\"O colaborador da \u00e1rea de Servi\u00e7os da A\u00e7o Cearense Comercial e paraciclista cearense patrocinado pelo(...)\" \/>\n<meta property=\"og:url\" content=\"https:\/\/previews.elleven.digital\/acocearense\/en\/noticia\/atleta-patrocinado-pelo-instituto-aco-cearense-e-bronze-na-copa-brasil-de-paraciclismo\/\" \/>\n<meta property=\"og:site_name\" content=\"Grupo A\u00e7o Cearense\" \/>\n<meta property=\"article:modified_time\" content=\"2025-05-07T17:32:46+00:00\" \/>\n<meta property=\"og:image\" content=\"https:\/\/previews.elleven.digital\/acocearense\/wp-content\/uploads\/2025\/05\/unnamed-2.jpg\" \/>\n\t<meta property=\"og:image:width\" content=\"710\" \/>\n\t<meta property=\"og:image:height\" content=\"466\" \/>\n\t<meta property=\"og:image:type\" content=\"image\/jpeg\" \/>\n<meta name=\"twitter:card\" content=\"summary_large_image\" \/>\n<meta name=\"twitter:label1\" content=\"Est. reading time\" \/>\n\t<meta name=\"twitter:data1\" content=\"2 minutes\" \/>\n<script type=\"application\/ld+json\" class=\"yoast-schema-graph\">{\"@context\":\"https:\/\/schema.org\",\"@graph\":[{\"@type\":\"WebPage\",\"@id\":\"https:\/\/previews.elleven.digital\/acocearense\/noticia\/atleta-patrocinado-pelo-instituto-aco-cearense-e-bronze-na-copa-brasil-de-paraciclismo\/\",\"url\":\"https:\/\/previews.elleven.digital\/acocearense\/noticia\/atleta-patrocinado-pelo-instituto-aco-cearense-e-bronze-na-copa-brasil-de-paraciclismo\/\",\"name\":\"Atleta patrocinado pelo Instituto A\u00e7o Cearense \u00e9 bronze na Copa Brasil de Paraciclismo - Grupo A\u00e7o Cearense\",\"isPartOf\":{\"@id\":\"https:\/\/previews.elleven.digital\/acocearense\/#website\"},\"primaryImageOfPage\":{\"@id\":\"https:\/\/previews.elleven.digital\/acocearense\/noticia\/atleta-patrocinado-pelo-instituto-aco-cearense-e-bronze-na-copa-brasil-de-paraciclismo\/#primaryimage\"},\"image\":{\"@id\":\"https:\/\/previews.elleven.digital\/acocearense\/noticia\/atleta-patrocinado-pelo-instituto-aco-cearense-e-bronze-na-copa-brasil-de-paraciclismo\/#primaryimage\"},\"thumbnailUrl\":\"https:\/\/previews.elleven.digital\/acocearense\/wp-content\/uploads\/2025\/05\/unnamed-2.jpg\",\"datePublished\":\"2017-06-22T17:32:10+00:00\",\"dateModified\":\"2025-05-07T17:32:46+00:00\",\"breadcrumb\":{\"@id\":\"https:\/\/previews.elleven.digital\/acocearense\/noticia\/atleta-patrocinado-pelo-instituto-aco-cearense-e-bronze-na-copa-brasil-de-paraciclismo\/#breadcrumb\"},\"inLanguage\":\"en-US\",\"potentialAction\":[{\"@type\":\"ReadAction\",\"target\":[\"https:\/\/previews.elleven.digital\/acocearense\/noticia\/atleta-patrocinado-pelo-instituto-aco-cearense-e-bronze-na-copa-brasil-de-paraciclismo\/\"]}]},{\"@type\":\"ImageObject\",\"inLanguage\":\"en-US\",\"@id\":\"https:\/\/previews.elleven.digital\/acocearense\/noticia\/atleta-patrocinado-pelo-instituto-aco-cearense-e-bronze-na-copa-brasil-de-paraciclismo\/#primaryimage\",\"url\":\"https:\/\/previews.elleven.digital\/acocearense\/wp-content\/uploads\/2025\/05\/unnamed-2.jpg\",\"contentUrl\":\"https:\/\/previews.elleven.digital\/acocearense\/wp-content\/uploads\/2025\/05\/unnamed-2.jpg\",\"width\":710,\"height\":466},{\"@type\":\"BreadcrumbList\",\"@id\":\"https:\/\/previews.elleven.digital\/acocearense\/noticia\/atleta-patrocinado-pelo-instituto-aco-cearense-e-bronze-na-copa-brasil-de-paraciclismo\/#breadcrumb\",\"itemListElement\":[{\"@type\":\"ListItem\",\"position\":1,\"name\":\"In\u00edcio\",\"item\":\"https:\/\/previews.elleven.digital\/acocearense\/\"},{\"@type\":\"ListItem\",\"position\":2,\"name\":\"Not\u00edcias\",\"item\":\"https:\/\/previews.elleven.digital\/acocearense\/noticias\/\"},{\"@type\":\"ListItem\",\"position\":3,\"name\":\"Atleta patrocinado pelo Instituto A\u00e7o Cearense \u00e9 bronze na Copa Brasil de Paraciclismo\"}]},{\"@type\":\"WebSite\",\"@id\":\"https:\/\/previews.elleven.digital\/acocearense\/#website\",\"url\":\"https:\/\/previews.elleven.digital\/acocearense\/\",\"name\":\"A\u00e7o Cearense\",\"description\":\"H\u00e1 mais de 45 anos no mercado brasileiro do a\u00e7o.\",\"alternateName\":\"A\u00e7o Cearense\",\"potentialAction\":[{\"@type\":\"SearchAction\",\"target\":{\"@type\":\"EntryPoint\",\"urlTemplate\":\"https:\/\/previews.elleven.digital\/acocearense\/?s={search_term_string}\"},\"query-input\":{\"@type\":\"PropertyValueSpecification\",\"valueRequired\":true,\"valueName\":\"search_term_string\"}}],\"inLanguage\":\"en-US\"}]}<\/script>\n<!-- \/ Yoast SEO plugin. -->","yoast_head_json":{"title":"Atleta patrocinado pelo Instituto A\u00e7o Cearense \u00e9 bronze na Copa Brasil de Paraciclismo - Grupo A\u00e7o Cearense","robots":{"index":"index","follow":"follow","max-snippet":"max-snippet:-1","max-image-preview":"max-image-preview:large","max-video-preview":"max-video-preview:-1"},"canonical":"https:\/\/previews.elleven.digital\/acocearense\/en\/noticia\/atleta-patrocinado-pelo-instituto-aco-cearense-e-bronze-na-copa-brasil-de-paraciclismo\/","og_locale":"en_US","og_type":"article","og_title":"Atleta patrocinado pelo Instituto A\u00e7o Cearense \u00e9 bronze na Copa Brasil de Paraciclismo - Grupo A\u00e7o Cearense","og_description":"O colaborador da \u00e1rea de Servi\u00e7os da A\u00e7o Cearense Comercial e paraciclista cearense patrocinado pelo(...)","og_url":"https:\/\/previews.elleven.digital\/acocearense\/en\/noticia\/atleta-patrocinado-pelo-instituto-aco-cearense-e-bronze-na-copa-brasil-de-paraciclismo\/","og_site_name":"Grupo A\u00e7o Cearense","article_modified_time":"2025-05-07T17:32:46+00:00","og_image":[{"width":710,"height":466,"url":"https:\/\/previews.elleven.digital\/acocearense\/wp-content\/uploads\/2025\/05\/unnamed-2.jpg","type":"image\/jpeg"}],"twitter_card":"summary_large_image","twitter_misc":{"Est. reading time":"2 minutes"},"schema":{"@context":"https:\/\/schema.org","@graph":[{"@type":"WebPage","@id":"https:\/\/previews.elleven.digital\/acocearense\/noticia\/atleta-patrocinado-pelo-instituto-aco-cearense-e-bronze-na-copa-brasil-de-paraciclismo\/","url":"https:\/\/previews.elleven.digital\/acocearense\/noticia\/atleta-patrocinado-pelo-instituto-aco-cearense-e-bronze-na-copa-brasil-de-paraciclismo\/","name":"Atleta patrocinado pelo Instituto A\u00e7o Cearense \u00e9 bronze na Copa Brasil de Paraciclismo - Grupo A\u00e7o Cearense","isPartOf":{"@id":"https:\/\/previews.elleven.digital\/acocearense\/#website"},"primaryImageOfPage":{"@id":"https:\/\/previews.elleven.digital\/acocearense\/noticia\/atleta-patrocinado-pelo-instituto-aco-cearense-e-bronze-na-copa-brasil-de-paraciclismo\/#primaryimage"},"image":{"@id":"https:\/\/previews.elleven.digital\/acocearense\/noticia\/atleta-patrocinado-pelo-instituto-aco-cearense-e-bronze-na-copa-brasil-de-paraciclismo\/#primaryimage"},"thumbnailUrl":"https:\/\/previews.elleven.digital\/acocearense\/wp-content\/uploads\/2025\/05\/unnamed-2.jpg","datePublished":"2017-06-22T17:32:10+00:00","dateModified":"2025-05-07T17:32:46+00:00","breadcrumb":{"@id":"https:\/\/previews.elleven.digital\/acocearense\/noticia\/atleta-patrocinado-pelo-instituto-aco-cearense-e-bronze-na-copa-brasil-de-paraciclismo\/#breadcrumb"},"inLanguage":"en-US","potentialAction":[{"@type":"ReadAction","target":["https:\/\/previews.elleven.digital\/acocearense\/noticia\/atleta-patrocinado-pelo-instituto-aco-cearense-e-bronze-na-copa-brasil-de-paraciclismo\/"]}]},{"@type":"ImageObject","inLanguage":"en-US","@id":"https:\/\/previews.elleven.digital\/acocearense\/noticia\/atleta-patrocinado-pelo-instituto-aco-cearense-e-bronze-na-copa-brasil-de-paraciclismo\/#primaryimage","url":"https:\/\/previews.elleven.digital\/acocearense\/wp-content\/uploads\/2025\/05\/unnamed-2.jpg","contentUrl":"https:\/\/previews.elleven.digital\/acocearense\/wp-content\/uploads\/2025\/05\/unnamed-2.jpg","width":710,"height":466},{"@type":"BreadcrumbList","@id":"https:\/\/previews.elleven.digital\/acocearense\/noticia\/atleta-patrocinado-pelo-instituto-aco-cearense-e-bronze-na-copa-brasil-de-paraciclismo\/#breadcrumb","itemListElement":[{"@type":"ListItem","position":1,"name":"In\u00edcio","item":"https:\/\/previews.elleven.digital\/acocearense\/"},{"@type":"ListItem","position":2,"name":"Not\u00edcias","item":"https:\/\/previews.elleven.digital\/acocearense\/noticias\/"},{"@type":"ListItem","position":3,"name":"Atleta patrocinado pelo Instituto A\u00e7o Cearense \u00e9 bronze na Copa Brasil de Paraciclismo"}]},{"@type":"WebSite","@id":"https:\/\/previews.elleven.digital\/acocearense\/#website","url":"https:\/\/previews.elleven.digital\/acocearense\/","name":"Cear\u00e1 Steel","description":"We have been in the Brazilian steel market for over 45 years.","alternateName":"A\u00e7o Cearense","potentialAction":[{"@type":"SearchAction","target":{"@type":"EntryPoint","urlTemplate":"https:\/\/previews.elleven.digital\/acocearense\/?s={search_term_string}"},"query-input":{"@type":"PropertyValueSpecification","valueRequired":true,"valueName":"search_term_string"}}],"inLanguage":"en-US"}]}},"_links":{"self":[{"href":"https:\/\/previews.elleven.digital\/acocearense\/en\/wp-json\/wp\/v2\/noticia\/1744","targetHints":{"allow":["GET"]}}],"collection":[{"href":"https:\/\/previews.elleven.digital\/acocearense\/en\/wp-json\/wp\/v2\/noticia"}],"about":[{"href":"https:\/\/previews.elleven.digital\/acocearense\/en\/wp-json\/wp\/v2\/types\/noticia"}],"wp:featuredmedia":[{"embeddable":true,"href":"https:\/\/previews.elleven.digital\/acocearense\/en\/wp-json\/wp\/v2\/media\/1742"}],"wp:attachment":[{"href":"https:\/\/previews.elleven.digital\/acocearense\/en\/wp-json\/wp\/v2\/media?parent=1744"}],"wp:term":[{"taxonomy":"categoria-noticia","embeddable":true,"href":"https:\/\/previews.elleven.digital\/acocearense\/en\/wp-json\/wp\/v2\/categoria-noticia?post=1744"}],"curies":[{"name":"wp","href":"https:\/\/api.w.org\/{rel}","templated":true}]}}