{"id":1732,"date":"2017-06-21T14:28:02","date_gmt":"2017-06-21T17:28:02","guid":{"rendered":"https:\/\/previews.elleven.digital\/acocearense\/?post_type=noticia&#038;p=1732"},"modified":"2025-05-07T14:28:33","modified_gmt":"2025-05-07T17:28:33","slug":"instituto-aco-cearense-contribui-com-o-desenvolvimento-de-ongs-parceiras","status":"publish","type":"noticia","link":"https:\/\/previews.elleven.digital\/acocearense\/en\/noticia\/instituto-aco-cearense-contribui-com-o-desenvolvimento-de-ongs-parceiras\/","title":{"rendered":"Instituto A\u00e7o Cearense contributes to the development of partner NGOs"},"content":{"rendered":"<p>With the current economic crisis, NGOs are reducing services and benefits to people who rely solely on them. To contribute to fundraising and maintain community activities, the Instituto A\u00e7o Cearense held a Social Project Development Workshop for NGOs in the auditorium of A\u00e7o Cearense Comercial.<\/p>\n<p>The initiative was supported by Dialogus Consultoria and aims to train NGOs supported by the Instituto A\u00e7o Cearense to build social projects in an orderly and more professional manner. Although social organizations are non-profit and non-profit, building and maintaining a structure that provides quality social services requires considerable professionalism and investment. &quot;The workshop was a preparation for seeking financial resources and thus maintaining and implementing projects. More than providing financial support, we want these institutions to develop. It&#039;s not enough to simply want to do something; you need to know how to do it to grow,&quot; said Rosemeire Matos, President of the Instituto A\u00e7o Cearense.<\/p>\n<p>These organizations provide free services to underserved communities, and the most common way to secure these resources is through social projects to secure financial support and donations. &quot;Well-designed projects are better able to achieve better results and ensure the achievement of the organizations&#039; objectives,&quot; commented workshop instructor Manoela Silva of Di\u00e1logos Consultoria, who has worked with companies such as Associa\u00e7\u00e3o Hapvida, Cagece, Incor Crian\u00e7a, Mercadinhos S\u00e3o Lu\u00eds, Instituto A\u00e7o Cearense, and others.<\/p>\n<p>The following institutions currently receiving monthly financial support from the Instituto A\u00e7o Cearense participated in the training: Escola de Campe\u00f5es, Creche Amadeu Barros Leal, JA Cear\u00e1, ABENJ, Cepevive, Associa\u00e7\u00e3o S\u00e3o Vicente de Paulo, Lar de Clara, and Pequeno Cotolengo, totaling 18 representatives. &quot;I thought the initiative was excellent and think it should happen more often. A state call for proposals has even been issued, and this course will already help in project preparation,&quot; said Enoe Araripe Autran, vice president of Creche Amadeu Barros Leal. Certificates will be awarded to course participants at the end of June, after each project is completed and submitted to the IAC.<\/p>","protected":false},"featured_media":1717,"template":"","meta":{"_acf_changed":false,"inline_featured_image":false},"categoria-noticia":[],"class_list":["post-1732","noticia","type-noticia","status-publish","has-post-thumbnail","hentry"],"acf":{"link":""},"yoast_head":"<!-- This site is optimized with the Yoast SEO plugin v25.9 - https:\/\/yoast.com\/wordpress\/plugins\/seo\/ -->\n<title>Instituto A\u00e7o Cearense contribui com o desenvolvimento de ONG`s parceiras - Grupo A\u00e7o Cearense<\/title>\n<meta name=\"robots\" content=\"index, follow, max-snippet:-1, max-image-preview:large, max-video-preview:-1\" \/>\n<link rel=\"canonical\" href=\"https:\/\/previews.elleven.digital\/acocearense\/en\/noticia\/instituto-aco-cearense-contribui-com-o-desenvolvimento-de-ongs-parceiras\/\" \/>\n<meta property=\"og:locale\" content=\"en_US\" \/>\n<meta property=\"og:type\" content=\"article\" \/>\n<meta property=\"og:title\" content=\"Instituto A\u00e7o Cearense contribui com o desenvolvimento de ONG`s parceiras - Grupo A\u00e7o Cearense\" \/>\n<meta property=\"og:description\" content=\"Com a crise econ\u00f4mica atual, as ONG\u2019s est\u00e3o reduzindo os atendimentos e benef\u00edcios \u00e0s pessoas(...)\" \/>\n<meta property=\"og:url\" content=\"https:\/\/previews.elleven.digital\/acocearense\/en\/noticia\/instituto-aco-cearense-contribui-com-o-desenvolvimento-de-ongs-parceiras\/\" \/>\n<meta property=\"og:site_name\" content=\"Grupo A\u00e7o Cearense\" \/>\n<meta property=\"article:modified_time\" content=\"2025-05-07T17:28:33+00:00\" \/>\n<meta property=\"og:image\" content=\"https:\/\/previews.elleven.digital\/acocearense\/wp-content\/uploads\/2025\/05\/encontro-de-ongs.jpg\" \/>\n\t<meta property=\"og:image:width\" content=\"550\" \/>\n\t<meta property=\"og:image:height\" content=\"447\" \/>\n\t<meta property=\"og:image:type\" content=\"image\/jpeg\" \/>\n<meta name=\"twitter:card\" content=\"summary_large_image\" \/>\n<meta name=\"twitter:label1\" content=\"Est. reading time\" \/>\n\t<meta name=\"twitter:data1\" content=\"2 minutes\" \/>\n<script type=\"application\/ld+json\" class=\"yoast-schema-graph\">{\"@context\":\"https:\/\/schema.org\",\"@graph\":[{\"@type\":\"WebPage\",\"@id\":\"https:\/\/previews.elleven.digital\/acocearense\/noticia\/instituto-aco-cearense-contribui-com-o-desenvolvimento-de-ongs-parceiras\/\",\"url\":\"https:\/\/previews.elleven.digital\/acocearense\/noticia\/instituto-aco-cearense-contribui-com-o-desenvolvimento-de-ongs-parceiras\/\",\"name\":\"Instituto A\u00e7o Cearense contribui com o desenvolvimento de ONG`s parceiras - Grupo A\u00e7o Cearense\",\"isPartOf\":{\"@id\":\"https:\/\/previews.elleven.digital\/acocearense\/#website\"},\"primaryImageOfPage\":{\"@id\":\"https:\/\/previews.elleven.digital\/acocearense\/noticia\/instituto-aco-cearense-contribui-com-o-desenvolvimento-de-ongs-parceiras\/#primaryimage\"},\"image\":{\"@id\":\"https:\/\/previews.elleven.digital\/acocearense\/noticia\/instituto-aco-cearense-contribui-com-o-desenvolvimento-de-ongs-parceiras\/#primaryimage\"},\"thumbnailUrl\":\"https:\/\/previews.elleven.digital\/acocearense\/wp-content\/uploads\/2025\/05\/encontro-de-ongs.jpg\",\"datePublished\":\"2017-06-21T17:28:02+00:00\",\"dateModified\":\"2025-05-07T17:28:33+00:00\",\"breadcrumb\":{\"@id\":\"https:\/\/previews.elleven.digital\/acocearense\/noticia\/instituto-aco-cearense-contribui-com-o-desenvolvimento-de-ongs-parceiras\/#breadcrumb\"},\"inLanguage\":\"en-US\",\"potentialAction\":[{\"@type\":\"ReadAction\",\"target\":[\"https:\/\/previews.elleven.digital\/acocearense\/noticia\/instituto-aco-cearense-contribui-com-o-desenvolvimento-de-ongs-parceiras\/\"]}]},{\"@type\":\"ImageObject\",\"inLanguage\":\"en-US\",\"@id\":\"https:\/\/previews.elleven.digital\/acocearense\/noticia\/instituto-aco-cearense-contribui-com-o-desenvolvimento-de-ongs-parceiras\/#primaryimage\",\"url\":\"https:\/\/previews.elleven.digital\/acocearense\/wp-content\/uploads\/2025\/05\/encontro-de-ongs.jpg\",\"contentUrl\":\"https:\/\/previews.elleven.digital\/acocearense\/wp-content\/uploads\/2025\/05\/encontro-de-ongs.jpg\",\"width\":550,\"height\":447},{\"@type\":\"BreadcrumbList\",\"@id\":\"https:\/\/previews.elleven.digital\/acocearense\/noticia\/instituto-aco-cearense-contribui-com-o-desenvolvimento-de-ongs-parceiras\/#breadcrumb\",\"itemListElement\":[{\"@type\":\"ListItem\",\"position\":1,\"name\":\"In\u00edcio\",\"item\":\"https:\/\/previews.elleven.digital\/acocearense\/\"},{\"@type\":\"ListItem\",\"position\":2,\"name\":\"Not\u00edcias\",\"item\":\"https:\/\/previews.elleven.digital\/acocearense\/noticias\/\"},{\"@type\":\"ListItem\",\"position\":3,\"name\":\"Instituto A\u00e7o Cearense contribui com o desenvolvimento de ONG`s parceiras\"}]},{\"@type\":\"WebSite\",\"@id\":\"https:\/\/previews.elleven.digital\/acocearense\/#website\",\"url\":\"https:\/\/previews.elleven.digital\/acocearense\/\",\"name\":\"A\u00e7o Cearense\",\"description\":\"H\u00e1 mais de 45 anos no mercado brasileiro do a\u00e7o.\",\"alternateName\":\"A\u00e7o Cearense\",\"potentialAction\":[{\"@type\":\"SearchAction\",\"target\":{\"@type\":\"EntryPoint\",\"urlTemplate\":\"https:\/\/previews.elleven.digital\/acocearense\/?s={search_term_string}\"},\"query-input\":{\"@type\":\"PropertyValueSpecification\",\"valueRequired\":true,\"valueName\":\"search_term_string\"}}],\"inLanguage\":\"en-US\"}]}<\/script>\n<!-- \/ Yoast SEO plugin. -->","yoast_head_json":{"title":"Instituto A\u00e7o Cearense contribui com o desenvolvimento de ONG`s parceiras - Grupo A\u00e7o Cearense","robots":{"index":"index","follow":"follow","max-snippet":"max-snippet:-1","max-image-preview":"max-image-preview:large","max-video-preview":"max-video-preview:-1"},"canonical":"https:\/\/previews.elleven.digital\/acocearense\/en\/noticia\/instituto-aco-cearense-contribui-com-o-desenvolvimento-de-ongs-parceiras\/","og_locale":"en_US","og_type":"article","og_title":"Instituto A\u00e7o Cearense contribui com o desenvolvimento de ONG`s parceiras - Grupo A\u00e7o Cearense","og_description":"Com a crise econ\u00f4mica atual, as ONG\u2019s est\u00e3o reduzindo os atendimentos e benef\u00edcios \u00e0s pessoas(...)","og_url":"https:\/\/previews.elleven.digital\/acocearense\/en\/noticia\/instituto-aco-cearense-contribui-com-o-desenvolvimento-de-ongs-parceiras\/","og_site_name":"Grupo A\u00e7o Cearense","article_modified_time":"2025-05-07T17:28:33+00:00","og_image":[{"width":550,"height":447,"url":"https:\/\/previews.elleven.digital\/acocearense\/wp-content\/uploads\/2025\/05\/encontro-de-ongs.jpg","type":"image\/jpeg"}],"twitter_card":"summary_large_image","twitter_misc":{"Est. reading time":"2 minutes"},"schema":{"@context":"https:\/\/schema.org","@graph":[{"@type":"WebPage","@id":"https:\/\/previews.elleven.digital\/acocearense\/noticia\/instituto-aco-cearense-contribui-com-o-desenvolvimento-de-ongs-parceiras\/","url":"https:\/\/previews.elleven.digital\/acocearense\/noticia\/instituto-aco-cearense-contribui-com-o-desenvolvimento-de-ongs-parceiras\/","name":"Instituto A\u00e7o Cearense contribui com o desenvolvimento de ONG`s parceiras - Grupo A\u00e7o Cearense","isPartOf":{"@id":"https:\/\/previews.elleven.digital\/acocearense\/#website"},"primaryImageOfPage":{"@id":"https:\/\/previews.elleven.digital\/acocearense\/noticia\/instituto-aco-cearense-contribui-com-o-desenvolvimento-de-ongs-parceiras\/#primaryimage"},"image":{"@id":"https:\/\/previews.elleven.digital\/acocearense\/noticia\/instituto-aco-cearense-contribui-com-o-desenvolvimento-de-ongs-parceiras\/#primaryimage"},"thumbnailUrl":"https:\/\/previews.elleven.digital\/acocearense\/wp-content\/uploads\/2025\/05\/encontro-de-ongs.jpg","datePublished":"2017-06-21T17:28:02+00:00","dateModified":"2025-05-07T17:28:33+00:00","breadcrumb":{"@id":"https:\/\/previews.elleven.digital\/acocearense\/noticia\/instituto-aco-cearense-contribui-com-o-desenvolvimento-de-ongs-parceiras\/#breadcrumb"},"inLanguage":"en-US","potentialAction":[{"@type":"ReadAction","target":["https:\/\/previews.elleven.digital\/acocearense\/noticia\/instituto-aco-cearense-contribui-com-o-desenvolvimento-de-ongs-parceiras\/"]}]},{"@type":"ImageObject","inLanguage":"en-US","@id":"https:\/\/previews.elleven.digital\/acocearense\/noticia\/instituto-aco-cearense-contribui-com-o-desenvolvimento-de-ongs-parceiras\/#primaryimage","url":"https:\/\/previews.elleven.digital\/acocearense\/wp-content\/uploads\/2025\/05\/encontro-de-ongs.jpg","contentUrl":"https:\/\/previews.elleven.digital\/acocearense\/wp-content\/uploads\/2025\/05\/encontro-de-ongs.jpg","width":550,"height":447},{"@type":"BreadcrumbList","@id":"https:\/\/previews.elleven.digital\/acocearense\/noticia\/instituto-aco-cearense-contribui-com-o-desenvolvimento-de-ongs-parceiras\/#breadcrumb","itemListElement":[{"@type":"ListItem","position":1,"name":"In\u00edcio","item":"https:\/\/previews.elleven.digital\/acocearense\/"},{"@type":"ListItem","position":2,"name":"Not\u00edcias","item":"https:\/\/previews.elleven.digital\/acocearense\/noticias\/"},{"@type":"ListItem","position":3,"name":"Instituto A\u00e7o Cearense contribui com o desenvolvimento de ONG`s parceiras"}]},{"@type":"WebSite","@id":"https:\/\/previews.elleven.digital\/acocearense\/#website","url":"https:\/\/previews.elleven.digital\/acocearense\/","name":"Cear\u00e1 Steel","description":"We have been in the Brazilian steel market for over 45 years.","alternateName":"A\u00e7o Cearense","potentialAction":[{"@type":"SearchAction","target":{"@type":"EntryPoint","urlTemplate":"https:\/\/previews.elleven.digital\/acocearense\/?s={search_term_string}"},"query-input":{"@type":"PropertyValueSpecification","valueRequired":true,"valueName":"search_term_string"}}],"inLanguage":"en-US"}]}},"_links":{"self":[{"href":"https:\/\/previews.elleven.digital\/acocearense\/en\/wp-json\/wp\/v2\/noticia\/1732","targetHints":{"allow":["GET"]}}],"collection":[{"href":"https:\/\/previews.elleven.digital\/acocearense\/en\/wp-json\/wp\/v2\/noticia"}],"about":[{"href":"https:\/\/previews.elleven.digital\/acocearense\/en\/wp-json\/wp\/v2\/types\/noticia"}],"wp:featuredmedia":[{"embeddable":true,"href":"https:\/\/previews.elleven.digital\/acocearense\/en\/wp-json\/wp\/v2\/media\/1717"}],"wp:attachment":[{"href":"https:\/\/previews.elleven.digital\/acocearense\/en\/wp-json\/wp\/v2\/media?parent=1732"}],"wp:term":[{"taxonomy":"categoria-noticia","embeddable":true,"href":"https:\/\/previews.elleven.digital\/acocearense\/en\/wp-json\/wp\/v2\/categoria-noticia?post=1732"}],"curies":[{"name":"wp","href":"https:\/\/api.w.org\/{rel}","templated":true}]}}