{"id":1726,"date":"2017-03-27T14:25:28","date_gmt":"2017-03-27T17:25:28","guid":{"rendered":"https:\/\/previews.elleven.digital\/acocearense\/?post_type=noticia&#038;p=1726"},"modified":"2025-05-07T14:25:40","modified_gmt":"2025-05-07T17:25:40","slug":"ciclismo-em-evidencia-gilberto-silva-conquista-novas-provas","status":"publish","type":"noticia","link":"https:\/\/previews.elleven.digital\/acocearense\/en\/noticia\/ciclismo-em-evidencia-gilberto-silva-conquista-novas-provas\/","title":{"rendered":"Cycling in the spotlight \u2013 Gilberto Silva wins new races"},"content":{"rendered":"<h3>Importance of athlete support<\/h3>\n<p>Gilberto Silva,\u00a0<strong>employee of A\u00e7o Cearense Comercial and cyclist from Cear\u00e1 sponsored by the A\u00e7o Cearense Institute<\/strong>, has been increasingly prominent in state and national competitions. In the last competition, held on the 12th in Ubajara, Cear\u00e1, he won first place in the elite category of the Ibiapaba Cup, according to both the Cear\u00e1 and Brazilian rankings. On February 12th, he competed in Pacaj\u00fas, Cear\u00e1, receiving the Vereador J. Neto Trophy and also took first place in the Promotional Race. In Aracati, he competed in the Desafio dos Ventos (Wind Challenge) and once again achieved first place on the podium on the 5th of the same month.<\/p>\n<h3>Competitions<\/h3>\n<p>In January of this year, the athlete participated in the traditional Piocer\u00e1 2017 rally held in the states of Cear\u00e1 and Piau\u00ed, counting towards the national ranking, where he finished 4th. The athlete&#039;s current position is 3rd in the national ranking and he is the leader in the State ranking.<\/p>\n<p>Gilberto travels throughout Brazil in official cycling competitions, both as a paracyclist in the C5 category and as an elite cyclist, as his physical disability allows him to compete in both. His next national ranking competition will take place on May 7th in Piau\u00ed, at Hally 40 Graus.<\/p>","protected":false},"featured_media":1720,"template":"","meta":{"_acf_changed":false,"inline_featured_image":false},"categoria-noticia":[],"class_list":["post-1726","noticia","type-noticia","status-publish","has-post-thumbnail","hentry"],"acf":{"link":""},"yoast_head":"<!-- This site is optimized with the Yoast SEO plugin v25.9 - https:\/\/yoast.com\/wordpress\/plugins\/seo\/ -->\n<title>Ciclismo em evid\u00eancia \u2013 Gilberto Silva conquista novas provas - Grupo A\u00e7o Cearense<\/title>\n<meta name=\"robots\" content=\"index, follow, max-snippet:-1, max-image-preview:large, max-video-preview:-1\" \/>\n<link rel=\"canonical\" href=\"https:\/\/previews.elleven.digital\/acocearense\/en\/noticia\/ciclismo-em-evidencia-gilberto-silva-conquista-novas-provas\/\" \/>\n<meta property=\"og:locale\" content=\"en_US\" \/>\n<meta property=\"og:type\" content=\"article\" \/>\n<meta property=\"og:title\" content=\"Ciclismo em evid\u00eancia \u2013 Gilberto Silva conquista novas provas - Grupo A\u00e7o Cearense\" \/>\n<meta property=\"og:description\" content=\"Import\u00e2ncia do apoio ao atleta Gilberto Silva,\u00a0colaborador da A\u00e7o Cearense Comercial e ciclista cearense patrocinado(...)\" \/>\n<meta property=\"og:url\" content=\"https:\/\/previews.elleven.digital\/acocearense\/en\/noticia\/ciclismo-em-evidencia-gilberto-silva-conquista-novas-provas\/\" \/>\n<meta property=\"og:site_name\" content=\"Grupo A\u00e7o Cearense\" \/>\n<meta property=\"article:modified_time\" content=\"2025-05-07T17:25:40+00:00\" \/>\n<meta property=\"og:image\" content=\"https:\/\/previews.elleven.digital\/acocearense\/wp-content\/uploads\/2025\/05\/Logo-Aco.png\" \/>\n\t<meta property=\"og:image:width\" content=\"383\" \/>\n\t<meta property=\"og:image:height\" content=\"266\" \/>\n\t<meta property=\"og:image:type\" content=\"image\/png\" \/>\n<meta name=\"twitter:card\" content=\"summary_large_image\" \/>\n<meta name=\"twitter:label1\" content=\"Est. reading time\" \/>\n\t<meta name=\"twitter:data1\" content=\"2 minutes\" \/>\n<script type=\"application\/ld+json\" class=\"yoast-schema-graph\">{\"@context\":\"https:\/\/schema.org\",\"@graph\":[{\"@type\":\"WebPage\",\"@id\":\"https:\/\/previews.elleven.digital\/acocearense\/noticia\/ciclismo-em-evidencia-gilberto-silva-conquista-novas-provas\/\",\"url\":\"https:\/\/previews.elleven.digital\/acocearense\/noticia\/ciclismo-em-evidencia-gilberto-silva-conquista-novas-provas\/\",\"name\":\"Ciclismo em evid\u00eancia \u2013 Gilberto Silva conquista novas provas - Grupo A\u00e7o Cearense\",\"isPartOf\":{\"@id\":\"https:\/\/previews.elleven.digital\/acocearense\/#website\"},\"primaryImageOfPage\":{\"@id\":\"https:\/\/previews.elleven.digital\/acocearense\/noticia\/ciclismo-em-evidencia-gilberto-silva-conquista-novas-provas\/#primaryimage\"},\"image\":{\"@id\":\"https:\/\/previews.elleven.digital\/acocearense\/noticia\/ciclismo-em-evidencia-gilberto-silva-conquista-novas-provas\/#primaryimage\"},\"thumbnailUrl\":\"https:\/\/previews.elleven.digital\/acocearense\/wp-content\/uploads\/2025\/05\/Logo-Aco.png\",\"datePublished\":\"2017-03-27T17:25:28+00:00\",\"dateModified\":\"2025-05-07T17:25:40+00:00\",\"breadcrumb\":{\"@id\":\"https:\/\/previews.elleven.digital\/acocearense\/noticia\/ciclismo-em-evidencia-gilberto-silva-conquista-novas-provas\/#breadcrumb\"},\"inLanguage\":\"en-US\",\"potentialAction\":[{\"@type\":\"ReadAction\",\"target\":[\"https:\/\/previews.elleven.digital\/acocearense\/noticia\/ciclismo-em-evidencia-gilberto-silva-conquista-novas-provas\/\"]}]},{\"@type\":\"ImageObject\",\"inLanguage\":\"en-US\",\"@id\":\"https:\/\/previews.elleven.digital\/acocearense\/noticia\/ciclismo-em-evidencia-gilberto-silva-conquista-novas-provas\/#primaryimage\",\"url\":\"https:\/\/previews.elleven.digital\/acocearense\/wp-content\/uploads\/2025\/05\/Logo-Aco.png\",\"contentUrl\":\"https:\/\/previews.elleven.digital\/acocearense\/wp-content\/uploads\/2025\/05\/Logo-Aco.png\",\"width\":383,\"height\":266},{\"@type\":\"BreadcrumbList\",\"@id\":\"https:\/\/previews.elleven.digital\/acocearense\/noticia\/ciclismo-em-evidencia-gilberto-silva-conquista-novas-provas\/#breadcrumb\",\"itemListElement\":[{\"@type\":\"ListItem\",\"position\":1,\"name\":\"In\u00edcio\",\"item\":\"https:\/\/previews.elleven.digital\/acocearense\/\"},{\"@type\":\"ListItem\",\"position\":2,\"name\":\"Not\u00edcias\",\"item\":\"https:\/\/previews.elleven.digital\/acocearense\/noticias\/\"},{\"@type\":\"ListItem\",\"position\":3,\"name\":\"Ciclismo em evid\u00eancia \u2013 Gilberto Silva conquista novas provas\"}]},{\"@type\":\"WebSite\",\"@id\":\"https:\/\/previews.elleven.digital\/acocearense\/#website\",\"url\":\"https:\/\/previews.elleven.digital\/acocearense\/\",\"name\":\"A\u00e7o Cearense\",\"description\":\"H\u00e1 mais de 45 anos no mercado brasileiro do a\u00e7o.\",\"alternateName\":\"A\u00e7o Cearense\",\"potentialAction\":[{\"@type\":\"SearchAction\",\"target\":{\"@type\":\"EntryPoint\",\"urlTemplate\":\"https:\/\/previews.elleven.digital\/acocearense\/?s={search_term_string}\"},\"query-input\":{\"@type\":\"PropertyValueSpecification\",\"valueRequired\":true,\"valueName\":\"search_term_string\"}}],\"inLanguage\":\"en-US\"}]}<\/script>\n<!-- \/ Yoast SEO plugin. -->","yoast_head_json":{"title":"Ciclismo em evid\u00eancia \u2013 Gilberto Silva conquista novas provas - Grupo A\u00e7o Cearense","robots":{"index":"index","follow":"follow","max-snippet":"max-snippet:-1","max-image-preview":"max-image-preview:large","max-video-preview":"max-video-preview:-1"},"canonical":"https:\/\/previews.elleven.digital\/acocearense\/en\/noticia\/ciclismo-em-evidencia-gilberto-silva-conquista-novas-provas\/","og_locale":"en_US","og_type":"article","og_title":"Ciclismo em evid\u00eancia \u2013 Gilberto Silva conquista novas provas - Grupo A\u00e7o Cearense","og_description":"Import\u00e2ncia do apoio ao atleta Gilberto Silva,\u00a0colaborador da A\u00e7o Cearense Comercial e ciclista cearense patrocinado(...)","og_url":"https:\/\/previews.elleven.digital\/acocearense\/en\/noticia\/ciclismo-em-evidencia-gilberto-silva-conquista-novas-provas\/","og_site_name":"Grupo A\u00e7o Cearense","article_modified_time":"2025-05-07T17:25:40+00:00","og_image":[{"width":383,"height":266,"url":"https:\/\/previews.elleven.digital\/acocearense\/wp-content\/uploads\/2025\/05\/Logo-Aco.png","type":"image\/png"}],"twitter_card":"summary_large_image","twitter_misc":{"Est. reading time":"2 minutes"},"schema":{"@context":"https:\/\/schema.org","@graph":[{"@type":"WebPage","@id":"https:\/\/previews.elleven.digital\/acocearense\/noticia\/ciclismo-em-evidencia-gilberto-silva-conquista-novas-provas\/","url":"https:\/\/previews.elleven.digital\/acocearense\/noticia\/ciclismo-em-evidencia-gilberto-silva-conquista-novas-provas\/","name":"Ciclismo em evid\u00eancia \u2013 Gilberto Silva conquista novas provas - Grupo A\u00e7o Cearense","isPartOf":{"@id":"https:\/\/previews.elleven.digital\/acocearense\/#website"},"primaryImageOfPage":{"@id":"https:\/\/previews.elleven.digital\/acocearense\/noticia\/ciclismo-em-evidencia-gilberto-silva-conquista-novas-provas\/#primaryimage"},"image":{"@id":"https:\/\/previews.elleven.digital\/acocearense\/noticia\/ciclismo-em-evidencia-gilberto-silva-conquista-novas-provas\/#primaryimage"},"thumbnailUrl":"https:\/\/previews.elleven.digital\/acocearense\/wp-content\/uploads\/2025\/05\/Logo-Aco.png","datePublished":"2017-03-27T17:25:28+00:00","dateModified":"2025-05-07T17:25:40+00:00","breadcrumb":{"@id":"https:\/\/previews.elleven.digital\/acocearense\/noticia\/ciclismo-em-evidencia-gilberto-silva-conquista-novas-provas\/#breadcrumb"},"inLanguage":"en-US","potentialAction":[{"@type":"ReadAction","target":["https:\/\/previews.elleven.digital\/acocearense\/noticia\/ciclismo-em-evidencia-gilberto-silva-conquista-novas-provas\/"]}]},{"@type":"ImageObject","inLanguage":"en-US","@id":"https:\/\/previews.elleven.digital\/acocearense\/noticia\/ciclismo-em-evidencia-gilberto-silva-conquista-novas-provas\/#primaryimage","url":"https:\/\/previews.elleven.digital\/acocearense\/wp-content\/uploads\/2025\/05\/Logo-Aco.png","contentUrl":"https:\/\/previews.elleven.digital\/acocearense\/wp-content\/uploads\/2025\/05\/Logo-Aco.png","width":383,"height":266},{"@type":"BreadcrumbList","@id":"https:\/\/previews.elleven.digital\/acocearense\/noticia\/ciclismo-em-evidencia-gilberto-silva-conquista-novas-provas\/#breadcrumb","itemListElement":[{"@type":"ListItem","position":1,"name":"In\u00edcio","item":"https:\/\/previews.elleven.digital\/acocearense\/"},{"@type":"ListItem","position":2,"name":"Not\u00edcias","item":"https:\/\/previews.elleven.digital\/acocearense\/noticias\/"},{"@type":"ListItem","position":3,"name":"Ciclismo em evid\u00eancia \u2013 Gilberto Silva conquista novas provas"}]},{"@type":"WebSite","@id":"https:\/\/previews.elleven.digital\/acocearense\/#website","url":"https:\/\/previews.elleven.digital\/acocearense\/","name":"Cear\u00e1 Steel","description":"We have been in the Brazilian steel market for over 45 years.","alternateName":"A\u00e7o Cearense","potentialAction":[{"@type":"SearchAction","target":{"@type":"EntryPoint","urlTemplate":"https:\/\/previews.elleven.digital\/acocearense\/?s={search_term_string}"},"query-input":{"@type":"PropertyValueSpecification","valueRequired":true,"valueName":"search_term_string"}}],"inLanguage":"en-US"}]}},"_links":{"self":[{"href":"https:\/\/previews.elleven.digital\/acocearense\/en\/wp-json\/wp\/v2\/noticia\/1726","targetHints":{"allow":["GET"]}}],"collection":[{"href":"https:\/\/previews.elleven.digital\/acocearense\/en\/wp-json\/wp\/v2\/noticia"}],"about":[{"href":"https:\/\/previews.elleven.digital\/acocearense\/en\/wp-json\/wp\/v2\/types\/noticia"}],"wp:featuredmedia":[{"embeddable":true,"href":"https:\/\/previews.elleven.digital\/acocearense\/en\/wp-json\/wp\/v2\/media\/1720"}],"wp:attachment":[{"href":"https:\/\/previews.elleven.digital\/acocearense\/en\/wp-json\/wp\/v2\/media?parent=1726"}],"wp:term":[{"taxonomy":"categoria-noticia","embeddable":true,"href":"https:\/\/previews.elleven.digital\/acocearense\/en\/wp-json\/wp\/v2\/categoria-noticia?post=1726"}],"curies":[{"name":"wp","href":"https:\/\/api.w.org\/{rel}","templated":true}]}}