{"id":1725,"date":"2017-01-26T14:24:30","date_gmt":"2017-01-26T16:24:30","guid":{"rendered":"https:\/\/previews.elleven.digital\/acocearense\/?post_type=noticia&#038;p=1725"},"modified":"2025-05-07T14:24:59","modified_gmt":"2025-05-07T17:24:59","slug":"1a-edicao-do-projeto-familia-na-empresa-em-2017","status":"publish","type":"noticia","link":"https:\/\/previews.elleven.digital\/acocearense\/en\/noticia\/1a-edicao-do-projeto-familia-na-empresa-em-2017\/","title":{"rendered":"1st edition of the Family in the Company project in 2017"},"content":{"rendered":"<p dir=\"ltr\">Research shows that\u00a0<strong>Family visits to the company are positive for employees and their families.<\/strong>\u00a0A\u00e7o Cearense has been carrying out the Family in the Company project since 2016 with the aim of strengthening the relationship between the families of employees and the companies A\u00e7o Cearense Comercial and A\u00e7o Cearense Industrial.<\/p>\n<p dir=\"ltr\">On the 19th, the first edition of 2017 took place, carried out by the Quality of Life and Benefits area, with the participation of Marcos Arruda Costa, Product Movement and Stock Manager, and also Abraah\u00e3o Adams, Production Supervisor, who welcomed the 17 visiting family members.<\/p>\n<h3 dir=\"ltr\">\u201c100% of family members rated the project as excellent\u201d<\/h3>\n<p dir=\"ltr\">Juliana Grangeiro, an analyst in the area promoting the project, said: &quot;We noticed from the visitors&#039; comments that employee effort is becoming more valued at home, and the contribution of each employee here is essential to the company&#039;s survival. During the January visit, 100% of the family members rated the project as excellent,&quot; she explained.<\/p>\n<p dir=\"ltr\">Family in the Company returns with a schedule of visits set for the entire year, with meetings scheduled for every month in 2017.<\/p>","protected":false},"featured_media":1721,"template":"","meta":{"_acf_changed":false,"inline_featured_image":false},"categoria-noticia":[],"class_list":["post-1725","noticia","type-noticia","status-publish","has-post-thumbnail","hentry"],"acf":{"link":""},"yoast_head":"<!-- This site is optimized with the Yoast SEO plugin v25.9 - https:\/\/yoast.com\/wordpress\/plugins\/seo\/ -->\n<title>1\u00aa edi\u00e7\u00e3o do projeto Fam\u00edlia na Empresa em 2017 - Grupo A\u00e7o Cearense<\/title>\n<meta name=\"robots\" content=\"index, follow, max-snippet:-1, max-image-preview:large, max-video-preview:-1\" \/>\n<link rel=\"canonical\" href=\"https:\/\/previews.elleven.digital\/acocearense\/en\/noticia\/1a-edicao-do-projeto-familia-na-empresa-em-2017\/\" \/>\n<meta property=\"og:locale\" content=\"en_US\" \/>\n<meta property=\"og:type\" content=\"article\" \/>\n<meta property=\"og:title\" content=\"1\u00aa edi\u00e7\u00e3o do projeto Fam\u00edlia na Empresa em 2017 - Grupo A\u00e7o Cearense\" \/>\n<meta property=\"og:description\" content=\"Pesquisas apontam que\u00a0a visita de familiares na empresa \u00e9 positiva para os profissionais e para(...)\" \/>\n<meta property=\"og:url\" content=\"https:\/\/previews.elleven.digital\/acocearense\/en\/noticia\/1a-edicao-do-projeto-familia-na-empresa-em-2017\/\" \/>\n<meta property=\"og:site_name\" content=\"Grupo A\u00e7o Cearense\" \/>\n<meta property=\"article:modified_time\" content=\"2025-05-07T17:24:59+00:00\" \/>\n<meta property=\"og:image\" content=\"https:\/\/previews.elleven.digital\/acocearense\/wp-content\/uploads\/2025\/05\/1-edio-do-projeto-Famlia-na-Empresa-em-2017_cabc0dfdecb3b9f9bbd9cf071f71a509-2.jpg\" \/>\n\t<meta property=\"og:image:width\" content=\"138\" \/>\n\t<meta property=\"og:image:height\" content=\"103\" \/>\n\t<meta property=\"og:image:type\" content=\"image\/jpeg\" \/>\n<meta name=\"twitter:card\" content=\"summary_large_image\" \/>\n<meta name=\"twitter:label1\" content=\"Est. reading time\" \/>\n\t<meta name=\"twitter:data1\" content=\"2 minutes\" \/>\n<script type=\"application\/ld+json\" class=\"yoast-schema-graph\">{\"@context\":\"https:\/\/schema.org\",\"@graph\":[{\"@type\":\"WebPage\",\"@id\":\"https:\/\/previews.elleven.digital\/acocearense\/noticia\/1a-edicao-do-projeto-familia-na-empresa-em-2017\/\",\"url\":\"https:\/\/previews.elleven.digital\/acocearense\/noticia\/1a-edicao-do-projeto-familia-na-empresa-em-2017\/\",\"name\":\"1\u00aa edi\u00e7\u00e3o do projeto Fam\u00edlia na Empresa em 2017 - Grupo A\u00e7o Cearense\",\"isPartOf\":{\"@id\":\"https:\/\/previews.elleven.digital\/acocearense\/#website\"},\"primaryImageOfPage\":{\"@id\":\"https:\/\/previews.elleven.digital\/acocearense\/noticia\/1a-edicao-do-projeto-familia-na-empresa-em-2017\/#primaryimage\"},\"image\":{\"@id\":\"https:\/\/previews.elleven.digital\/acocearense\/noticia\/1a-edicao-do-projeto-familia-na-empresa-em-2017\/#primaryimage\"},\"thumbnailUrl\":\"https:\/\/previews.elleven.digital\/acocearense\/wp-content\/uploads\/2025\/05\/1-edio-do-projeto-Famlia-na-Empresa-em-2017_cabc0dfdecb3b9f9bbd9cf071f71a509-2.jpg\",\"datePublished\":\"2017-01-26T16:24:30+00:00\",\"dateModified\":\"2025-05-07T17:24:59+00:00\",\"breadcrumb\":{\"@id\":\"https:\/\/previews.elleven.digital\/acocearense\/noticia\/1a-edicao-do-projeto-familia-na-empresa-em-2017\/#breadcrumb\"},\"inLanguage\":\"en-US\",\"potentialAction\":[{\"@type\":\"ReadAction\",\"target\":[\"https:\/\/previews.elleven.digital\/acocearense\/noticia\/1a-edicao-do-projeto-familia-na-empresa-em-2017\/\"]}]},{\"@type\":\"ImageObject\",\"inLanguage\":\"en-US\",\"@id\":\"https:\/\/previews.elleven.digital\/acocearense\/noticia\/1a-edicao-do-projeto-familia-na-empresa-em-2017\/#primaryimage\",\"url\":\"https:\/\/previews.elleven.digital\/acocearense\/wp-content\/uploads\/2025\/05\/1-edio-do-projeto-Famlia-na-Empresa-em-2017_cabc0dfdecb3b9f9bbd9cf071f71a509-2.jpg\",\"contentUrl\":\"https:\/\/previews.elleven.digital\/acocearense\/wp-content\/uploads\/2025\/05\/1-edio-do-projeto-Famlia-na-Empresa-em-2017_cabc0dfdecb3b9f9bbd9cf071f71a509-2.jpg\",\"width\":138,\"height\":103},{\"@type\":\"BreadcrumbList\",\"@id\":\"https:\/\/previews.elleven.digital\/acocearense\/noticia\/1a-edicao-do-projeto-familia-na-empresa-em-2017\/#breadcrumb\",\"itemListElement\":[{\"@type\":\"ListItem\",\"position\":1,\"name\":\"In\u00edcio\",\"item\":\"https:\/\/previews.elleven.digital\/acocearense\/\"},{\"@type\":\"ListItem\",\"position\":2,\"name\":\"Not\u00edcias\",\"item\":\"https:\/\/previews.elleven.digital\/acocearense\/noticias\/\"},{\"@type\":\"ListItem\",\"position\":3,\"name\":\"1\u00aa edi\u00e7\u00e3o do projeto Fam\u00edlia na Empresa em 2017\"}]},{\"@type\":\"WebSite\",\"@id\":\"https:\/\/previews.elleven.digital\/acocearense\/#website\",\"url\":\"https:\/\/previews.elleven.digital\/acocearense\/\",\"name\":\"A\u00e7o Cearense\",\"description\":\"H\u00e1 mais de 45 anos no mercado brasileiro do a\u00e7o.\",\"alternateName\":\"A\u00e7o Cearense\",\"potentialAction\":[{\"@type\":\"SearchAction\",\"target\":{\"@type\":\"EntryPoint\",\"urlTemplate\":\"https:\/\/previews.elleven.digital\/acocearense\/?s={search_term_string}\"},\"query-input\":{\"@type\":\"PropertyValueSpecification\",\"valueRequired\":true,\"valueName\":\"search_term_string\"}}],\"inLanguage\":\"en-US\"}]}<\/script>\n<!-- \/ Yoast SEO plugin. -->","yoast_head_json":{"title":"1\u00aa edi\u00e7\u00e3o do projeto Fam\u00edlia na Empresa em 2017 - Grupo A\u00e7o Cearense","robots":{"index":"index","follow":"follow","max-snippet":"max-snippet:-1","max-image-preview":"max-image-preview:large","max-video-preview":"max-video-preview:-1"},"canonical":"https:\/\/previews.elleven.digital\/acocearense\/en\/noticia\/1a-edicao-do-projeto-familia-na-empresa-em-2017\/","og_locale":"en_US","og_type":"article","og_title":"1\u00aa edi\u00e7\u00e3o do projeto Fam\u00edlia na Empresa em 2017 - Grupo A\u00e7o Cearense","og_description":"Pesquisas apontam que\u00a0a visita de familiares na empresa \u00e9 positiva para os profissionais e para(...)","og_url":"https:\/\/previews.elleven.digital\/acocearense\/en\/noticia\/1a-edicao-do-projeto-familia-na-empresa-em-2017\/","og_site_name":"Grupo A\u00e7o Cearense","article_modified_time":"2025-05-07T17:24:59+00:00","og_image":[{"width":138,"height":103,"url":"https:\/\/previews.elleven.digital\/acocearense\/wp-content\/uploads\/2025\/05\/1-edio-do-projeto-Famlia-na-Empresa-em-2017_cabc0dfdecb3b9f9bbd9cf071f71a509-2.jpg","type":"image\/jpeg"}],"twitter_card":"summary_large_image","twitter_misc":{"Est. reading time":"2 minutes"},"schema":{"@context":"https:\/\/schema.org","@graph":[{"@type":"WebPage","@id":"https:\/\/previews.elleven.digital\/acocearense\/noticia\/1a-edicao-do-projeto-familia-na-empresa-em-2017\/","url":"https:\/\/previews.elleven.digital\/acocearense\/noticia\/1a-edicao-do-projeto-familia-na-empresa-em-2017\/","name":"1\u00aa edi\u00e7\u00e3o do projeto Fam\u00edlia na Empresa em 2017 - Grupo A\u00e7o Cearense","isPartOf":{"@id":"https:\/\/previews.elleven.digital\/acocearense\/#website"},"primaryImageOfPage":{"@id":"https:\/\/previews.elleven.digital\/acocearense\/noticia\/1a-edicao-do-projeto-familia-na-empresa-em-2017\/#primaryimage"},"image":{"@id":"https:\/\/previews.elleven.digital\/acocearense\/noticia\/1a-edicao-do-projeto-familia-na-empresa-em-2017\/#primaryimage"},"thumbnailUrl":"https:\/\/previews.elleven.digital\/acocearense\/wp-content\/uploads\/2025\/05\/1-edio-do-projeto-Famlia-na-Empresa-em-2017_cabc0dfdecb3b9f9bbd9cf071f71a509-2.jpg","datePublished":"2017-01-26T16:24:30+00:00","dateModified":"2025-05-07T17:24:59+00:00","breadcrumb":{"@id":"https:\/\/previews.elleven.digital\/acocearense\/noticia\/1a-edicao-do-projeto-familia-na-empresa-em-2017\/#breadcrumb"},"inLanguage":"en-US","potentialAction":[{"@type":"ReadAction","target":["https:\/\/previews.elleven.digital\/acocearense\/noticia\/1a-edicao-do-projeto-familia-na-empresa-em-2017\/"]}]},{"@type":"ImageObject","inLanguage":"en-US","@id":"https:\/\/previews.elleven.digital\/acocearense\/noticia\/1a-edicao-do-projeto-familia-na-empresa-em-2017\/#primaryimage","url":"https:\/\/previews.elleven.digital\/acocearense\/wp-content\/uploads\/2025\/05\/1-edio-do-projeto-Famlia-na-Empresa-em-2017_cabc0dfdecb3b9f9bbd9cf071f71a509-2.jpg","contentUrl":"https:\/\/previews.elleven.digital\/acocearense\/wp-content\/uploads\/2025\/05\/1-edio-do-projeto-Famlia-na-Empresa-em-2017_cabc0dfdecb3b9f9bbd9cf071f71a509-2.jpg","width":138,"height":103},{"@type":"BreadcrumbList","@id":"https:\/\/previews.elleven.digital\/acocearense\/noticia\/1a-edicao-do-projeto-familia-na-empresa-em-2017\/#breadcrumb","itemListElement":[{"@type":"ListItem","position":1,"name":"In\u00edcio","item":"https:\/\/previews.elleven.digital\/acocearense\/"},{"@type":"ListItem","position":2,"name":"Not\u00edcias","item":"https:\/\/previews.elleven.digital\/acocearense\/noticias\/"},{"@type":"ListItem","position":3,"name":"1\u00aa edi\u00e7\u00e3o do projeto Fam\u00edlia na Empresa em 2017"}]},{"@type":"WebSite","@id":"https:\/\/previews.elleven.digital\/acocearense\/#website","url":"https:\/\/previews.elleven.digital\/acocearense\/","name":"Cear\u00e1 Steel","description":"We have been in the Brazilian steel market for over 45 years.","alternateName":"A\u00e7o Cearense","potentialAction":[{"@type":"SearchAction","target":{"@type":"EntryPoint","urlTemplate":"https:\/\/previews.elleven.digital\/acocearense\/?s={search_term_string}"},"query-input":{"@type":"PropertyValueSpecification","valueRequired":true,"valueName":"search_term_string"}}],"inLanguage":"en-US"}]}},"_links":{"self":[{"href":"https:\/\/previews.elleven.digital\/acocearense\/en\/wp-json\/wp\/v2\/noticia\/1725","targetHints":{"allow":["GET"]}}],"collection":[{"href":"https:\/\/previews.elleven.digital\/acocearense\/en\/wp-json\/wp\/v2\/noticia"}],"about":[{"href":"https:\/\/previews.elleven.digital\/acocearense\/en\/wp-json\/wp\/v2\/types\/noticia"}],"wp:featuredmedia":[{"embeddable":true,"href":"https:\/\/previews.elleven.digital\/acocearense\/en\/wp-json\/wp\/v2\/media\/1721"}],"wp:attachment":[{"href":"https:\/\/previews.elleven.digital\/acocearense\/en\/wp-json\/wp\/v2\/media?parent=1725"}],"wp:term":[{"taxonomy":"categoria-noticia","embeddable":true,"href":"https:\/\/previews.elleven.digital\/acocearense\/en\/wp-json\/wp\/v2\/categoria-noticia?post=1725"}],"curies":[{"name":"wp","href":"https:\/\/api.w.org\/{rel}","templated":true}]}}